{"id":13446,"date":"2018-03-16T20:17:25","date_gmt":"2018-03-17T00:17:25","guid":{"rendered":"https:\/\/www.mdcthereporter.com\/?p=13446"},"modified":"2021-01-20T16:19:05","modified_gmt":"2021-01-20T21:19:05","slug":"mdc-moad-host-maria-jose-arjona","status":"publish","type":"post","link":"https:\/\/mdcthereporter.com\/staging\/8357\/mdc-moad-host-maria-jose-arjona\/","title":{"rendered":"MDC MOAD To Host Mar\u00eda Jos\u00e9 Arjona"},"content":{"rendered":"<p><span style=\"font-weight: 400;\">The Miami Dade College Museum of Art and Design will host Mar\u00eda Jos\u00e9 Arjona. She will perform <\/span><i><span style=\"font-weight: 400;\">All the Others in Me<\/span><\/i><span style=\"font-weight: 400;\"> at the <a href=\"https:\/\/miamilightproject.com\/\"><span style=\"color: #0000ff;\">Miami Light Project<\/span><\/a> at the Light Box at Goldman Warehouse, 404 N.W. 26th St., on April 14 from 8 p.m. to 9:30 p.m. <\/span><\/p>\n<p><span style=\"font-weight: 400;\">The performance will focus on the female body from the viewpoint of Western civilization and Islam, and is under the Living Together Series, which focuses on art installations and performance art. <\/span><\/p>\n<p><span style=\"font-weight: 400;\">Arjona is a performance artist who mainly uses her body in her performances. She is from Bogot<\/span><span style=\"font-weight: 400;\">\u00e1<\/span><span style=\"font-weight: 400;\"> and her work has been showcased across Latin America, Europe and North America. <\/span><\/p>\n<p><span style=\"font-weight: 400;\">General admission is $15. Admission is $10 for MDC employees and is $5 for students with a school ID. Miami Dade College students can get free tickets but they must RSVP using their ID.<\/span><\/p>\n","protected":false},"excerpt":{"rendered":"<p>The Miami Dade College Museum of Art and Design will host Mar\u00eda Jos\u00e9 Arjona. She will perform All the Others in Me at the Miami Light Project at the Light Box at Goldman Warehouse, 404 N.W. 26th St., on April 14 from 8 p.m. to 9:30 p.m. The performance will focus on the female body [&hellip;]<\/p>\n","protected":false},"author":428,"featured_media":13335,"comment_status":"closed","ping_status":"closed","sticky":false,"template":"","format":"standard","meta":{"nf_dc_page":"","tdm_status":"","tdm_grid_status":"","footnotes":""},"categories":[12,2753],"tags":[132,135,1786],"class_list":{"0":"post-13446","1":"post","2":"type-post","3":"status-publish","4":"format-standard","5":"has-post-thumbnail","7":"category-briefing","8":"category-wolfson-campus","9":"tag-moad","10":"tag-art","11":"tag-performance"},"yoast_head":"<!-- This site is optimized with the Yoast SEO plugin v27.4 - https:\/\/yoast.com\/product\/yoast-seo-wordpress\/ -->\n<title>MDC MOAD To Host Mar\u00eda Jos\u00e9 Arjona<\/title>\n<meta name=\"description\" content=\"MDC MOAD will host Mar\u00eda Jos\u00e9 Arjona. She will perform All the Others in Me at the Miami Light Project at the Light Box at Goldman Warehouse.\" \/>\n<meta name=\"robots\" content=\"index, follow, max-snippet:-1, max-image-preview:large, max-video-preview:-1\" \/>\n<link rel=\"canonical\" href=\"https:\/\/mdcthereporter.com\/staging\/8357\/mdc-moad-host-maria-jose-arjona\/\" \/>\n<meta property=\"og:locale\" content=\"en_US\" \/>\n<meta property=\"og:type\" content=\"article\" \/>\n<meta property=\"og:title\" content=\"MDC MOAD To Host Mar\u00eda Jos\u00e9 Arjona\" \/>\n<meta property=\"og:description\" content=\"MDC MOAD will host Mar\u00eda Jos\u00e9 Arjona. She will perform All the Others in Me at the Miami Light Project at the Light Box at Goldman Warehouse.\" \/>\n<meta property=\"og:url\" content=\"https:\/\/mdcthereporter.com\/staging\/8357\/mdc-moad-host-maria-jose-arjona\/\" \/>\n<meta property=\"og:site_name\" content=\"The Reporter: The Student Newspaper at Miami Dade College\" \/>\n<meta property=\"article:published_time\" content=\"2018-03-17T00:17:25+00:00\" \/>\n<meta property=\"article:modified_time\" content=\"2021-01-20T21:19:05+00:00\" \/>\n<meta property=\"og:image\" content=\"https:\/\/mdcthereporter.com\/staging\/8357\/wp-content\/uploads\/2018\/02\/Teatro-Ojo_web.jpg\" \/>\n\t<meta property=\"og:image:width\" content=\"800\" \/>\n\t<meta property=\"og:image:height\" content=\"600\" \/>\n\t<meta property=\"og:image:type\" content=\"image\/jpeg\" \/>\n<meta name=\"author\" content=\"Katherine Wallace-Fernandez\" \/>\n<meta name=\"twitter:card\" content=\"summary_large_image\" \/>\n<meta name=\"twitter:label1\" content=\"Written by\" \/>\n\t<meta name=\"twitter:data1\" content=\"Katherine Wallace-Fernandez\" \/>\n\t<meta name=\"twitter:label2\" content=\"Est. reading time\" \/>\n\t<meta name=\"twitter:data2\" content=\"1 minute\" \/>\n<script type=\"application\/ld+json\" class=\"yoast-schema-graph\">{\"@context\":\"https:\\\/\\\/schema.org\",\"@graph\":[{\"@type\":\"Article\",\"@id\":\"https:\\\/\\\/mdcthereporter.com\\\/staging\\\/8357\\\/mdc-moad-host-maria-jose-arjona\\\/#article\",\"isPartOf\":{\"@id\":\"https:\\\/\\\/mdcthereporter.com\\\/staging\\\/8357\\\/mdc-moad-host-maria-jose-arjona\\\/\"},\"author\":{\"name\":\"Katherine Wallace-Fernandez\",\"@id\":\"https:\\\/\\\/mdcthereporter.com\\\/staging\\\/8357\\\/#\\\/schema\\\/person\\\/6f56ada777413593f723480c54524bda\"},\"headline\":\"MDC MOAD To Host Mar\u00eda Jos\u00e9 Arjona\",\"datePublished\":\"2018-03-17T00:17:25+00:00\",\"dateModified\":\"2021-01-20T21:19:05+00:00\",\"mainEntityOfPage\":{\"@id\":\"https:\\\/\\\/mdcthereporter.com\\\/staging\\\/8357\\\/mdc-moad-host-maria-jose-arjona\\\/\"},\"wordCount\":147,\"publisher\":{\"@id\":\"https:\\\/\\\/mdcthereporter.com\\\/staging\\\/8357\\\/#organization\"},\"image\":{\"@id\":\"https:\\\/\\\/mdcthereporter.com\\\/staging\\\/8357\\\/mdc-moad-host-maria-jose-arjona\\\/#primaryimage\"},\"thumbnailUrl\":\"https:\\\/\\\/mdcthereporter.com\\\/staging\\\/8357\\\/wp-content\\\/uploads\\\/2018\\\/02\\\/Teatro-Ojo_web.jpg\",\"keywords\":[\"MOAD\",\"Art\",\"performance\"],\"articleSection\":[\"Briefing\",\"Wolfson Campus\"],\"inLanguage\":\"en-US\"},{\"@type\":\"WebPage\",\"@id\":\"https:\\\/\\\/mdcthereporter.com\\\/staging\\\/8357\\\/mdc-moad-host-maria-jose-arjona\\\/\",\"url\":\"https:\\\/\\\/mdcthereporter.com\\\/staging\\\/8357\\\/mdc-moad-host-maria-jose-arjona\\\/\",\"name\":\"MDC MOAD To Host Mar\u00eda Jos\u00e9 Arjona\",\"isPartOf\":{\"@id\":\"https:\\\/\\\/mdcthereporter.com\\\/staging\\\/8357\\\/#website\"},\"primaryImageOfPage\":{\"@id\":\"https:\\\/\\\/mdcthereporter.com\\\/staging\\\/8357\\\/mdc-moad-host-maria-jose-arjona\\\/#primaryimage\"},\"image\":{\"@id\":\"https:\\\/\\\/mdcthereporter.com\\\/staging\\\/8357\\\/mdc-moad-host-maria-jose-arjona\\\/#primaryimage\"},\"thumbnailUrl\":\"https:\\\/\\\/mdcthereporter.com\\\/staging\\\/8357\\\/wp-content\\\/uploads\\\/2018\\\/02\\\/Teatro-Ojo_web.jpg\",\"datePublished\":\"2018-03-17T00:17:25+00:00\",\"dateModified\":\"2021-01-20T21:19:05+00:00\",\"description\":\"MDC MOAD will host Mar\u00eda Jos\u00e9 Arjona. She will perform All the Others in Me at the Miami Light Project at the Light Box at Goldman Warehouse.\",\"breadcrumb\":{\"@id\":\"https:\\\/\\\/mdcthereporter.com\\\/staging\\\/8357\\\/mdc-moad-host-maria-jose-arjona\\\/#breadcrumb\"},\"inLanguage\":\"en-US\",\"potentialAction\":[{\"@type\":\"ReadAction\",\"target\":[\"https:\\\/\\\/mdcthereporter.com\\\/staging\\\/8357\\\/mdc-moad-host-maria-jose-arjona\\\/\"]}]},{\"@type\":\"ImageObject\",\"inLanguage\":\"en-US\",\"@id\":\"https:\\\/\\\/mdcthereporter.com\\\/staging\\\/8357\\\/mdc-moad-host-maria-jose-arjona\\\/#primaryimage\",\"url\":\"https:\\\/\\\/mdcthereporter.com\\\/staging\\\/8357\\\/wp-content\\\/uploads\\\/2018\\\/02\\\/Teatro-Ojo_web.jpg\",\"contentUrl\":\"https:\\\/\\\/mdcthereporter.com\\\/staging\\\/8357\\\/wp-content\\\/uploads\\\/2018\\\/02\\\/Teatro-Ojo_web.jpg\",\"width\":800,\"height\":600,\"caption\":\"LOGO COURTESY OF MUSEUM OF ART AND DESIGN MDC\"},{\"@type\":\"BreadcrumbList\",\"@id\":\"https:\\\/\\\/mdcthereporter.com\\\/staging\\\/8357\\\/mdc-moad-host-maria-jose-arjona\\\/#breadcrumb\",\"itemListElement\":[{\"@type\":\"ListItem\",\"position\":1,\"name\":\"Home\",\"item\":\"https:\\\/\\\/mdcthereporter.com\\\/staging\\\/8357\\\/\"},{\"@type\":\"ListItem\",\"position\":2,\"name\":\"MDC MOAD To Host Mar\u00eda Jos\u00e9 Arjona\"}]},{\"@type\":\"WebSite\",\"@id\":\"https:\\\/\\\/mdcthereporter.com\\\/staging\\\/8357\\\/#website\",\"url\":\"https:\\\/\\\/mdcthereporter.com\\\/staging\\\/8357\\\/\",\"name\":\"The Reporter: The Student Newspaper at Miami Dade College\",\"description\":\"\",\"publisher\":{\"@id\":\"https:\\\/\\\/mdcthereporter.com\\\/staging\\\/8357\\\/#organization\"},\"potentialAction\":[{\"@type\":\"SearchAction\",\"target\":{\"@type\":\"EntryPoint\",\"urlTemplate\":\"https:\\\/\\\/mdcthereporter.com\\\/staging\\\/8357\\\/?s={search_term_string}\"},\"query-input\":{\"@type\":\"PropertyValueSpecification\",\"valueRequired\":true,\"valueName\":\"search_term_string\"}}],\"inLanguage\":\"en-US\"},{\"@type\":\"Organization\",\"@id\":\"https:\\\/\\\/mdcthereporter.com\\\/staging\\\/8357\\\/#organization\",\"name\":\"MDC The Reporter\",\"url\":\"https:\\\/\\\/mdcthereporter.com\\\/staging\\\/8357\\\/\",\"logo\":{\"@type\":\"ImageObject\",\"inLanguage\":\"en-US\",\"@id\":\"https:\\\/\\\/mdcthereporter.com\\\/staging\\\/8357\\\/#\\\/schema\\\/logo\\\/image\\\/\",\"url\":\"https:\\\/\\\/mdcthereporter.com\\\/\\\/wp-content\\\/uploads\\\/2016\\\/08\\\/R_reporter_logo.png\",\"contentUrl\":\"https:\\\/\\\/mdcthereporter.com\\\/\\\/wp-content\\\/uploads\\\/2016\\\/08\\\/R_reporter_logo.png\",\"width\":315,\"height\":309,\"caption\":\"MDC The Reporter\"},\"image\":{\"@id\":\"https:\\\/\\\/mdcthereporter.com\\\/staging\\\/8357\\\/#\\\/schema\\\/logo\\\/image\\\/\"}},{\"@type\":\"Person\",\"@id\":\"https:\\\/\\\/mdcthereporter.com\\\/staging\\\/8357\\\/#\\\/schema\\\/person\\\/6f56ada777413593f723480c54524bda\",\"name\":\"Katherine Wallace-Fernandez\",\"image\":{\"@type\":\"ImageObject\",\"inLanguage\":\"en-US\",\"@id\":\"https:\\\/\\\/mdcthereporter.com\\\/staging\\\/8357\\\/wp-content\\\/uploads\\\/2016\\\/09\\\/R_reporter_logo-1-1-125x125.png\",\"url\":\"https:\\\/\\\/mdcthereporter.com\\\/staging\\\/8357\\\/wp-content\\\/uploads\\\/2016\\\/09\\\/R_reporter_logo-1-1-125x125.png\",\"contentUrl\":\"https:\\\/\\\/mdcthereporter.com\\\/staging\\\/8357\\\/wp-content\\\/uploads\\\/2016\\\/09\\\/R_reporter_logo-1-1-125x125.png\",\"caption\":\"Katherine Wallace-Fernandez\"},\"description\":\"Katherine Wallace-Fernandez, 19, is an English major at Kendall Campus. Wallace-Fernandez, who graduated from Miami Palmetto Senior High School in 2016, will serve as a Editor-In-Chief and briefing editor for The Reporter during the 2017-2018 school year. She aspires to be a writer.\",\"url\":\"https:\\\/\\\/mdcthereporter.com\\\/staging\\\/8357\\\/author\\\/katherine-wallace-fernandez\\\/\"}]}<\/script>\n<!-- \/ Yoast SEO plugin. -->","yoast_head_json":{"title":"MDC MOAD To Host Mar\u00eda Jos\u00e9 Arjona","description":"MDC MOAD will host Mar\u00eda Jos\u00e9 Arjona. She will perform All the Others in Me at the Miami Light Project at the Light Box at Goldman Warehouse.","robots":{"index":"index","follow":"follow","max-snippet":"max-snippet:-1","max-image-preview":"max-image-preview:large","max-video-preview":"max-video-preview:-1"},"canonical":"https:\/\/mdcthereporter.com\/staging\/8357\/mdc-moad-host-maria-jose-arjona\/","og_locale":"en_US","og_type":"article","og_title":"MDC MOAD To Host Mar\u00eda Jos\u00e9 Arjona","og_description":"MDC MOAD will host Mar\u00eda Jos\u00e9 Arjona. She will perform All the Others in Me at the Miami Light Project at the Light Box at Goldman Warehouse.","og_url":"https:\/\/mdcthereporter.com\/staging\/8357\/mdc-moad-host-maria-jose-arjona\/","og_site_name":"The Reporter: The Student Newspaper at Miami Dade College","article_published_time":"2018-03-17T00:17:25+00:00","article_modified_time":"2021-01-20T21:19:05+00:00","og_image":[{"width":800,"height":600,"url":"https:\/\/mdcthereporter.com\/staging\/8357\/wp-content\/uploads\/2018\/02\/Teatro-Ojo_web.jpg","type":"image\/jpeg"}],"author":"Katherine Wallace-Fernandez","twitter_card":"summary_large_image","twitter_misc":{"Written by":"Katherine Wallace-Fernandez","Est. reading time":"1 minute"},"schema":{"@context":"https:\/\/schema.org","@graph":[{"@type":"Article","@id":"https:\/\/mdcthereporter.com\/staging\/8357\/mdc-moad-host-maria-jose-arjona\/#article","isPartOf":{"@id":"https:\/\/mdcthereporter.com\/staging\/8357\/mdc-moad-host-maria-jose-arjona\/"},"author":{"name":"Katherine Wallace-Fernandez","@id":"https:\/\/mdcthereporter.com\/staging\/8357\/#\/schema\/person\/6f56ada777413593f723480c54524bda"},"headline":"MDC MOAD To Host Mar\u00eda Jos\u00e9 Arjona","datePublished":"2018-03-17T00:17:25+00:00","dateModified":"2021-01-20T21:19:05+00:00","mainEntityOfPage":{"@id":"https:\/\/mdcthereporter.com\/staging\/8357\/mdc-moad-host-maria-jose-arjona\/"},"wordCount":147,"publisher":{"@id":"https:\/\/mdcthereporter.com\/staging\/8357\/#organization"},"image":{"@id":"https:\/\/mdcthereporter.com\/staging\/8357\/mdc-moad-host-maria-jose-arjona\/#primaryimage"},"thumbnailUrl":"https:\/\/mdcthereporter.com\/staging\/8357\/wp-content\/uploads\/2018\/02\/Teatro-Ojo_web.jpg","keywords":["MOAD","Art","performance"],"articleSection":["Briefing","Wolfson Campus"],"inLanguage":"en-US"},{"@type":"WebPage","@id":"https:\/\/mdcthereporter.com\/staging\/8357\/mdc-moad-host-maria-jose-arjona\/","url":"https:\/\/mdcthereporter.com\/staging\/8357\/mdc-moad-host-maria-jose-arjona\/","name":"MDC MOAD To Host Mar\u00eda Jos\u00e9 Arjona","isPartOf":{"@id":"https:\/\/mdcthereporter.com\/staging\/8357\/#website"},"primaryImageOfPage":{"@id":"https:\/\/mdcthereporter.com\/staging\/8357\/mdc-moad-host-maria-jose-arjona\/#primaryimage"},"image":{"@id":"https:\/\/mdcthereporter.com\/staging\/8357\/mdc-moad-host-maria-jose-arjona\/#primaryimage"},"thumbnailUrl":"https:\/\/mdcthereporter.com\/staging\/8357\/wp-content\/uploads\/2018\/02\/Teatro-Ojo_web.jpg","datePublished":"2018-03-17T00:17:25+00:00","dateModified":"2021-01-20T21:19:05+00:00","description":"MDC MOAD will host Mar\u00eda Jos\u00e9 Arjona. She will perform All the Others in Me at the Miami Light Project at the Light Box at Goldman Warehouse.","breadcrumb":{"@id":"https:\/\/mdcthereporter.com\/staging\/8357\/mdc-moad-host-maria-jose-arjona\/#breadcrumb"},"inLanguage":"en-US","potentialAction":[{"@type":"ReadAction","target":["https:\/\/mdcthereporter.com\/staging\/8357\/mdc-moad-host-maria-jose-arjona\/"]}]},{"@type":"ImageObject","inLanguage":"en-US","@id":"https:\/\/mdcthereporter.com\/staging\/8357\/mdc-moad-host-maria-jose-arjona\/#primaryimage","url":"https:\/\/mdcthereporter.com\/staging\/8357\/wp-content\/uploads\/2018\/02\/Teatro-Ojo_web.jpg","contentUrl":"https:\/\/mdcthereporter.com\/staging\/8357\/wp-content\/uploads\/2018\/02\/Teatro-Ojo_web.jpg","width":800,"height":600,"caption":"LOGO COURTESY OF MUSEUM OF ART AND DESIGN MDC"},{"@type":"BreadcrumbList","@id":"https:\/\/mdcthereporter.com\/staging\/8357\/mdc-moad-host-maria-jose-arjona\/#breadcrumb","itemListElement":[{"@type":"ListItem","position":1,"name":"Home","item":"https:\/\/mdcthereporter.com\/staging\/8357\/"},{"@type":"ListItem","position":2,"name":"MDC MOAD To Host Mar\u00eda Jos\u00e9 Arjona"}]},{"@type":"WebSite","@id":"https:\/\/mdcthereporter.com\/staging\/8357\/#website","url":"https:\/\/mdcthereporter.com\/staging\/8357\/","name":"The Reporter: The Student Newspaper at Miami Dade College","description":"","publisher":{"@id":"https:\/\/mdcthereporter.com\/staging\/8357\/#organization"},"potentialAction":[{"@type":"SearchAction","target":{"@type":"EntryPoint","urlTemplate":"https:\/\/mdcthereporter.com\/staging\/8357\/?s={search_term_string}"},"query-input":{"@type":"PropertyValueSpecification","valueRequired":true,"valueName":"search_term_string"}}],"inLanguage":"en-US"},{"@type":"Organization","@id":"https:\/\/mdcthereporter.com\/staging\/8357\/#organization","name":"MDC The Reporter","url":"https:\/\/mdcthereporter.com\/staging\/8357\/","logo":{"@type":"ImageObject","inLanguage":"en-US","@id":"https:\/\/mdcthereporter.com\/staging\/8357\/#\/schema\/logo\/image\/","url":"https:\/\/mdcthereporter.com\/\/wp-content\/uploads\/2016\/08\/R_reporter_logo.png","contentUrl":"https:\/\/mdcthereporter.com\/\/wp-content\/uploads\/2016\/08\/R_reporter_logo.png","width":315,"height":309,"caption":"MDC The Reporter"},"image":{"@id":"https:\/\/mdcthereporter.com\/staging\/8357\/#\/schema\/logo\/image\/"}},{"@type":"Person","@id":"https:\/\/mdcthereporter.com\/staging\/8357\/#\/schema\/person\/6f56ada777413593f723480c54524bda","name":"Katherine Wallace-Fernandez","image":{"@type":"ImageObject","inLanguage":"en-US","@id":"https:\/\/mdcthereporter.com\/staging\/8357\/wp-content\/uploads\/2016\/09\/R_reporter_logo-1-1-125x125.png","url":"https:\/\/mdcthereporter.com\/staging\/8357\/wp-content\/uploads\/2016\/09\/R_reporter_logo-1-1-125x125.png","contentUrl":"https:\/\/mdcthereporter.com\/staging\/8357\/wp-content\/uploads\/2016\/09\/R_reporter_logo-1-1-125x125.png","caption":"Katherine Wallace-Fernandez"},"description":"Katherine Wallace-Fernandez, 19, is an English major at Kendall Campus. Wallace-Fernandez, who graduated from Miami Palmetto Senior High School in 2016, will serve as a Editor-In-Chief and briefing editor for The Reporter during the 2017-2018 school year. She aspires to be a writer.","url":"https:\/\/mdcthereporter.com\/staging\/8357\/author\/katherine-wallace-fernandez\/"}]}},"cc_featured_image_caption":{"caption_text":"","source_text":"","source_url":""},"_links":{"self":[{"href":"https:\/\/mdcthereporter.com\/staging\/8357\/wp-json\/wp\/v2\/posts\/13446","targetHints":{"allow":["GET"]}}],"collection":[{"href":"https:\/\/mdcthereporter.com\/staging\/8357\/wp-json\/wp\/v2\/posts"}],"about":[{"href":"https:\/\/mdcthereporter.com\/staging\/8357\/wp-json\/wp\/v2\/types\/post"}],"author":[{"embeddable":true,"href":"https:\/\/mdcthereporter.com\/staging\/8357\/wp-json\/wp\/v2\/users\/428"}],"replies":[{"embeddable":true,"href":"https:\/\/mdcthereporter.com\/staging\/8357\/wp-json\/wp\/v2\/comments?post=13446"}],"version-history":[{"count":0,"href":"https:\/\/mdcthereporter.com\/staging\/8357\/wp-json\/wp\/v2\/posts\/13446\/revisions"}],"wp:featuredmedia":[{"embeddable":true,"href":"https:\/\/mdcthereporter.com\/staging\/8357\/wp-json\/wp\/v2\/media\/13335"}],"wp:attachment":[{"href":"https:\/\/mdcthereporter.com\/staging\/8357\/wp-json\/wp\/v2\/media?parent=13446"}],"wp:term":[{"taxonomy":"category","embeddable":true,"href":"https:\/\/mdcthereporter.com\/staging\/8357\/wp-json\/wp\/v2\/categories?post=13446"},{"taxonomy":"post_tag","embeddable":true,"href":"https:\/\/mdcthereporter.com\/staging\/8357\/wp-json\/wp\/v2\/tags?post=13446"}],"curies":[{"name":"wp","href":"https:\/\/api.w.org\/{rel}","templated":true}]}}