{"id":15375,"date":"2019-02-08T13:38:56","date_gmt":"2019-02-08T18:38:56","guid":{"rendered":"https:\/\/www.mdcthereporter.com\/?p=15375"},"modified":"2020-07-07T12:13:55","modified_gmt":"2020-07-07T16:13:55","slug":"miami-book-fair-presents-carlos-gamez-perezs-discussion-on-bad-newsmalas-noticias-desde-la-isla","status":"publish","type":"post","link":"https:\/\/mdcthereporter.com\/staging\/8357\/miami-book-fair-presents-carlos-gamez-perezs-discussion-on-bad-newsmalas-noticias-desde-la-isla\/","title":{"rendered":"Miami Book Fair Presents Carlos G\u00e1mez P\u00e9rez\u2019s Discussion On Bad News (Malas Noticias Desde La Isla)"},"content":{"rendered":"<p><span style=\"font-weight: 400;\">Carlos G\u00e1mez P\u00e9rez will discuss his dystopian novel, <\/span><i><span style=\"font-weight: 400;\">Bad News<\/span><\/i><span style=\"font-weight: 400;\"> (<\/span><i><span style=\"font-weight: 400;\">Malas Noticias Desde La Isla<\/span><\/i><span style=\"font-weight: 400;\">), at <a href=\"https:\/\/booksandbooks.com\/\"><span style=\"color: #0000ff;\">Books and Books<\/span><\/a>, 265 Aragon Ave., on Feb. 23 at 8 p.m. <\/span><\/p>\n<p><span style=\"font-weight: 400;\">The science fiction novel is a political and social commentary on migration, xenophobia and global nationalism. <\/span><\/p>\n<p><span style=\"font-weight: 400;\">It will be sponsored by <a href=\"https:\/\/www.mdcthereporter.com\/search\/?q=%22Miami%20Book%20Fair%22&amp;_siq_page=1&amp;_siq_sort=relevance\"><span style=\"color: #0000ff;\">Miami Book Fair<\/span><\/a> in collaboration with <\/span><span style=\"font-weight: 400;\">Katakana Editores and Nagari Magazine.<\/span><\/p>\n<p><span style=\"font-weight: 400;\">P\u00e9rez, a Spanish writer and professor, was awarded the Caf\u00e9 M\u00f3n\u2019 prize for his literary works in 2012. He recently completed his thesis on science and Spanish literature at the University of Miami. <\/span><\/p>\n<p><span style=\"font-weight: 400;\">The event is free and open to the public. \u00a0<\/span><\/p>\n<p><span style=\"font-weight: 400;\">For more information, contact Books and Books at (305) 442-4408. <\/span><\/p>\n","protected":false},"excerpt":{"rendered":"<p>Carlos G\u00e1mez P\u00e9rez will discuss his dystopian novel, Bad News (Malas Noticias Desde La Isla), at Books and Books, 265 Aragon Ave., on Feb. 23 at 8 p.m. The science fiction novel is a political and social commentary on migration, xenophobia and global nationalism. It will be sponsored by Miami Book Fair in collaboration with [&hellip;]<\/p>\n","protected":false},"author":525,"featured_media":14039,"comment_status":"closed","ping_status":"closed","sticky":false,"template":"","format":"standard","meta":{"nf_dc_page":"","tdm_status":"","tdm_grid_status":"","footnotes":""},"categories":[12],"tags":[307,308,1406,1815],"class_list":{"0":"post-15375","1":"post","2":"type-post","3":"status-publish","4":"format-standard","5":"has-post-thumbnail","7":"category-briefing","8":"tag-books","9":"tag-miami-book-fair","10":"tag-novel","11":"tag-books-and-books"},"yoast_head":"<!-- This site is optimized with the Yoast SEO plugin v27.4 - https:\/\/yoast.com\/product\/yoast-seo-wordpress\/ -->\n<title>Miami Book Fair Presents Carlos G\u00e1mez P\u00e9rez\u2019s Discussion On New Book<\/title>\n<meta name=\"description\" content=\"Carlos G\u00e1mez P\u00e9rez will discuss his dystopian novel, Bad News (Malas Noticias Desde La Isla), at Books and Books, 265 Aragon Ave., on Feb. 23 at 8 p.m.\" \/>\n<meta name=\"robots\" content=\"index, follow, max-snippet:-1, max-image-preview:large, max-video-preview:-1\" \/>\n<link rel=\"canonical\" href=\"https:\/\/mdcthereporter.com\/staging\/8357\/miami-book-fair-presents-carlos-gamez-perezs-discussion-on-bad-newsmalas-noticias-desde-la-isla\/\" \/>\n<meta property=\"og:locale\" content=\"en_US\" \/>\n<meta property=\"og:type\" content=\"article\" \/>\n<meta property=\"og:title\" content=\"Miami Book Fair Presents Carlos G\u00e1mez P\u00e9rez\u2019s Discussion On New Book\" \/>\n<meta property=\"og:description\" content=\"Carlos G\u00e1mez P\u00e9rez will discuss his dystopian novel, Bad News (Malas Noticias Desde La Isla), at Books and Books, 265 Aragon Ave., on Feb. 23 at 8 p.m.\" \/>\n<meta property=\"og:url\" content=\"https:\/\/mdcthereporter.com\/staging\/8357\/miami-book-fair-presents-carlos-gamez-perezs-discussion-on-bad-newsmalas-noticias-desde-la-isla\/\" \/>\n<meta property=\"og:site_name\" content=\"The Reporter: The Student Newspaper at Miami Dade College\" \/>\n<meta property=\"article:published_time\" content=\"2019-02-08T18:38:56+00:00\" \/>\n<meta property=\"article:modified_time\" content=\"2020-07-07T16:13:55+00:00\" \/>\n<meta property=\"og:image\" content=\"https:\/\/mdcthereporter.com\/staging\/8357\/wp-content\/uploads\/2018\/08\/briefing_header_3_1.jpg\" \/>\n\t<meta property=\"og:image:width\" content=\"800\" \/>\n\t<meta property=\"og:image:height\" content=\"534\" \/>\n\t<meta property=\"og:image:type\" content=\"image\/jpeg\" \/>\n<meta name=\"author\" content=\"Natalie Gutierrez\" \/>\n<meta name=\"twitter:card\" content=\"summary_large_image\" \/>\n<meta name=\"twitter:label1\" content=\"Written by\" \/>\n\t<meta name=\"twitter:data1\" content=\"Natalie Gutierrez\" \/>\n\t<meta name=\"twitter:label2\" content=\"Est. reading time\" \/>\n\t<meta name=\"twitter:data2\" content=\"1 minute\" \/>\n<script type=\"application\/ld+json\" class=\"yoast-schema-graph\">{\"@context\":\"https:\\\/\\\/schema.org\",\"@graph\":[{\"@type\":\"Article\",\"@id\":\"https:\\\/\\\/mdcthereporter.com\\\/staging\\\/8357\\\/miami-book-fair-presents-carlos-gamez-perezs-discussion-on-bad-newsmalas-noticias-desde-la-isla\\\/#article\",\"isPartOf\":{\"@id\":\"https:\\\/\\\/mdcthereporter.com\\\/staging\\\/8357\\\/miami-book-fair-presents-carlos-gamez-perezs-discussion-on-bad-newsmalas-noticias-desde-la-isla\\\/\"},\"author\":{\"name\":\"Natalie Gutierrez\",\"@id\":\"https:\\\/\\\/mdcthereporter.com\\\/staging\\\/8357\\\/#\\\/schema\\\/person\\\/53bd18a57e5e2c6155d79df5a265a549\"},\"headline\":\"Miami Book Fair Presents Carlos G\u00e1mez P\u00e9rez\u2019s Discussion On Bad News (Malas Noticias Desde La Isla)\",\"datePublished\":\"2019-02-08T18:38:56+00:00\",\"dateModified\":\"2020-07-07T16:13:55+00:00\",\"mainEntityOfPage\":{\"@id\":\"https:\\\/\\\/mdcthereporter.com\\\/staging\\\/8357\\\/miami-book-fair-presents-carlos-gamez-perezs-discussion-on-bad-newsmalas-noticias-desde-la-isla\\\/\"},\"wordCount\":131,\"publisher\":{\"@id\":\"https:\\\/\\\/mdcthereporter.com\\\/staging\\\/8357\\\/#organization\"},\"image\":{\"@id\":\"https:\\\/\\\/mdcthereporter.com\\\/staging\\\/8357\\\/miami-book-fair-presents-carlos-gamez-perezs-discussion-on-bad-newsmalas-noticias-desde-la-isla\\\/#primaryimage\"},\"thumbnailUrl\":\"https:\\\/\\\/mdcthereporter.com\\\/staging\\\/8357\\\/wp-content\\\/uploads\\\/2018\\\/08\\\/briefing_header_3_1.jpg\",\"keywords\":[\"Books\",\"Miami Book Fair\",\"novel\",\"Books and Books\"],\"articleSection\":[\"Briefing\"],\"inLanguage\":\"en-US\"},{\"@type\":\"WebPage\",\"@id\":\"https:\\\/\\\/mdcthereporter.com\\\/staging\\\/8357\\\/miami-book-fair-presents-carlos-gamez-perezs-discussion-on-bad-newsmalas-noticias-desde-la-isla\\\/\",\"url\":\"https:\\\/\\\/mdcthereporter.com\\\/staging\\\/8357\\\/miami-book-fair-presents-carlos-gamez-perezs-discussion-on-bad-newsmalas-noticias-desde-la-isla\\\/\",\"name\":\"Miami Book Fair Presents Carlos G\u00e1mez P\u00e9rez\u2019s Discussion On New Book\",\"isPartOf\":{\"@id\":\"https:\\\/\\\/mdcthereporter.com\\\/staging\\\/8357\\\/#website\"},\"primaryImageOfPage\":{\"@id\":\"https:\\\/\\\/mdcthereporter.com\\\/staging\\\/8357\\\/miami-book-fair-presents-carlos-gamez-perezs-discussion-on-bad-newsmalas-noticias-desde-la-isla\\\/#primaryimage\"},\"image\":{\"@id\":\"https:\\\/\\\/mdcthereporter.com\\\/staging\\\/8357\\\/miami-book-fair-presents-carlos-gamez-perezs-discussion-on-bad-newsmalas-noticias-desde-la-isla\\\/#primaryimage\"},\"thumbnailUrl\":\"https:\\\/\\\/mdcthereporter.com\\\/staging\\\/8357\\\/wp-content\\\/uploads\\\/2018\\\/08\\\/briefing_header_3_1.jpg\",\"datePublished\":\"2019-02-08T18:38:56+00:00\",\"dateModified\":\"2020-07-07T16:13:55+00:00\",\"description\":\"Carlos G\u00e1mez P\u00e9rez will discuss his dystopian novel, Bad News (Malas Noticias Desde La Isla), at Books and Books, 265 Aragon Ave., on Feb. 23 at 8 p.m.\",\"breadcrumb\":{\"@id\":\"https:\\\/\\\/mdcthereporter.com\\\/staging\\\/8357\\\/miami-book-fair-presents-carlos-gamez-perezs-discussion-on-bad-newsmalas-noticias-desde-la-isla\\\/#breadcrumb\"},\"inLanguage\":\"en-US\",\"potentialAction\":[{\"@type\":\"ReadAction\",\"target\":[\"https:\\\/\\\/mdcthereporter.com\\\/staging\\\/8357\\\/miami-book-fair-presents-carlos-gamez-perezs-discussion-on-bad-newsmalas-noticias-desde-la-isla\\\/\"]}]},{\"@type\":\"ImageObject\",\"inLanguage\":\"en-US\",\"@id\":\"https:\\\/\\\/mdcthereporter.com\\\/staging\\\/8357\\\/miami-book-fair-presents-carlos-gamez-perezs-discussion-on-bad-newsmalas-noticias-desde-la-isla\\\/#primaryimage\",\"url\":\"https:\\\/\\\/mdcthereporter.com\\\/staging\\\/8357\\\/wp-content\\\/uploads\\\/2018\\\/08\\\/briefing_header_3_1.jpg\",\"contentUrl\":\"https:\\\/\\\/mdcthereporter.com\\\/staging\\\/8357\\\/wp-content\\\/uploads\\\/2018\\\/08\\\/briefing_header_3_1.jpg\",\"width\":800,\"height\":534,\"caption\":\"Image with the word \\\"Briefing\\\" and The Reporter Logo\"},{\"@type\":\"BreadcrumbList\",\"@id\":\"https:\\\/\\\/mdcthereporter.com\\\/staging\\\/8357\\\/miami-book-fair-presents-carlos-gamez-perezs-discussion-on-bad-newsmalas-noticias-desde-la-isla\\\/#breadcrumb\",\"itemListElement\":[{\"@type\":\"ListItem\",\"position\":1,\"name\":\"Home\",\"item\":\"https:\\\/\\\/mdcthereporter.com\\\/staging\\\/8357\\\/\"},{\"@type\":\"ListItem\",\"position\":2,\"name\":\"Miami Book Fair Presents Carlos G\u00e1mez P\u00e9rez\u2019s Discussion On Bad News (Malas Noticias Desde La Isla)\"}]},{\"@type\":\"WebSite\",\"@id\":\"https:\\\/\\\/mdcthereporter.com\\\/staging\\\/8357\\\/#website\",\"url\":\"https:\\\/\\\/mdcthereporter.com\\\/staging\\\/8357\\\/\",\"name\":\"The Reporter: The Student Newspaper at Miami Dade College\",\"description\":\"\",\"publisher\":{\"@id\":\"https:\\\/\\\/mdcthereporter.com\\\/staging\\\/8357\\\/#organization\"},\"potentialAction\":[{\"@type\":\"SearchAction\",\"target\":{\"@type\":\"EntryPoint\",\"urlTemplate\":\"https:\\\/\\\/mdcthereporter.com\\\/staging\\\/8357\\\/?s={search_term_string}\"},\"query-input\":{\"@type\":\"PropertyValueSpecification\",\"valueRequired\":true,\"valueName\":\"search_term_string\"}}],\"inLanguage\":\"en-US\"},{\"@type\":\"Organization\",\"@id\":\"https:\\\/\\\/mdcthereporter.com\\\/staging\\\/8357\\\/#organization\",\"name\":\"MDC The Reporter\",\"url\":\"https:\\\/\\\/mdcthereporter.com\\\/staging\\\/8357\\\/\",\"logo\":{\"@type\":\"ImageObject\",\"inLanguage\":\"en-US\",\"@id\":\"https:\\\/\\\/mdcthereporter.com\\\/staging\\\/8357\\\/#\\\/schema\\\/logo\\\/image\\\/\",\"url\":\"https:\\\/\\\/mdcthereporter.com\\\/\\\/wp-content\\\/uploads\\\/2016\\\/08\\\/R_reporter_logo.png\",\"contentUrl\":\"https:\\\/\\\/mdcthereporter.com\\\/\\\/wp-content\\\/uploads\\\/2016\\\/08\\\/R_reporter_logo.png\",\"width\":315,\"height\":309,\"caption\":\"MDC The Reporter\"},\"image\":{\"@id\":\"https:\\\/\\\/mdcthereporter.com\\\/staging\\\/8357\\\/#\\\/schema\\\/logo\\\/image\\\/\"}},{\"@type\":\"Person\",\"@id\":\"https:\\\/\\\/mdcthereporter.com\\\/staging\\\/8357\\\/#\\\/schema\\\/person\\\/53bd18a57e5e2c6155d79df5a265a549\",\"name\":\"Natalie Gutierrez\",\"image\":{\"@type\":\"ImageObject\",\"inLanguage\":\"en-US\",\"@id\":\"https:\\\/\\\/mdcthereporter.com\\\/staging\\\/8357\\\/wp-content\\\/uploads\\\/2016\\\/09\\\/R_reporter_logo-1-1-125x125.png\",\"url\":\"https:\\\/\\\/mdcthereporter.com\\\/staging\\\/8357\\\/wp-content\\\/uploads\\\/2016\\\/09\\\/R_reporter_logo-1-1-125x125.png\",\"contentUrl\":\"https:\\\/\\\/mdcthereporter.com\\\/staging\\\/8357\\\/wp-content\\\/uploads\\\/2016\\\/09\\\/R_reporter_logo-1-1-125x125.png\",\"caption\":\"Natalie Gutierrez\"},\"url\":\"https:\\\/\\\/mdcthereporter.com\\\/staging\\\/8357\\\/author\\\/natalie-gutierrez\\\/\"}]}<\/script>\n<!-- \/ Yoast SEO plugin. -->","yoast_head_json":{"title":"Miami Book Fair Presents Carlos G\u00e1mez P\u00e9rez\u2019s Discussion On New Book","description":"Carlos G\u00e1mez P\u00e9rez will discuss his dystopian novel, Bad News (Malas Noticias Desde La Isla), at Books and Books, 265 Aragon Ave., on Feb. 23 at 8 p.m.","robots":{"index":"index","follow":"follow","max-snippet":"max-snippet:-1","max-image-preview":"max-image-preview:large","max-video-preview":"max-video-preview:-1"},"canonical":"https:\/\/mdcthereporter.com\/staging\/8357\/miami-book-fair-presents-carlos-gamez-perezs-discussion-on-bad-newsmalas-noticias-desde-la-isla\/","og_locale":"en_US","og_type":"article","og_title":"Miami Book Fair Presents Carlos G\u00e1mez P\u00e9rez\u2019s Discussion On New Book","og_description":"Carlos G\u00e1mez P\u00e9rez will discuss his dystopian novel, Bad News (Malas Noticias Desde La Isla), at Books and Books, 265 Aragon Ave., on Feb. 23 at 8 p.m.","og_url":"https:\/\/mdcthereporter.com\/staging\/8357\/miami-book-fair-presents-carlos-gamez-perezs-discussion-on-bad-newsmalas-noticias-desde-la-isla\/","og_site_name":"The Reporter: The Student Newspaper at Miami Dade College","article_published_time":"2019-02-08T18:38:56+00:00","article_modified_time":"2020-07-07T16:13:55+00:00","og_image":[{"width":800,"height":534,"url":"https:\/\/mdcthereporter.com\/staging\/8357\/wp-content\/uploads\/2018\/08\/briefing_header_3_1.jpg","type":"image\/jpeg"}],"author":"Natalie Gutierrez","twitter_card":"summary_large_image","twitter_misc":{"Written by":"Natalie Gutierrez","Est. reading time":"1 minute"},"schema":{"@context":"https:\/\/schema.org","@graph":[{"@type":"Article","@id":"https:\/\/mdcthereporter.com\/staging\/8357\/miami-book-fair-presents-carlos-gamez-perezs-discussion-on-bad-newsmalas-noticias-desde-la-isla\/#article","isPartOf":{"@id":"https:\/\/mdcthereporter.com\/staging\/8357\/miami-book-fair-presents-carlos-gamez-perezs-discussion-on-bad-newsmalas-noticias-desde-la-isla\/"},"author":{"name":"Natalie Gutierrez","@id":"https:\/\/mdcthereporter.com\/staging\/8357\/#\/schema\/person\/53bd18a57e5e2c6155d79df5a265a549"},"headline":"Miami Book Fair Presents Carlos G\u00e1mez P\u00e9rez\u2019s Discussion On Bad News (Malas Noticias Desde La Isla)","datePublished":"2019-02-08T18:38:56+00:00","dateModified":"2020-07-07T16:13:55+00:00","mainEntityOfPage":{"@id":"https:\/\/mdcthereporter.com\/staging\/8357\/miami-book-fair-presents-carlos-gamez-perezs-discussion-on-bad-newsmalas-noticias-desde-la-isla\/"},"wordCount":131,"publisher":{"@id":"https:\/\/mdcthereporter.com\/staging\/8357\/#organization"},"image":{"@id":"https:\/\/mdcthereporter.com\/staging\/8357\/miami-book-fair-presents-carlos-gamez-perezs-discussion-on-bad-newsmalas-noticias-desde-la-isla\/#primaryimage"},"thumbnailUrl":"https:\/\/mdcthereporter.com\/staging\/8357\/wp-content\/uploads\/2018\/08\/briefing_header_3_1.jpg","keywords":["Books","Miami Book Fair","novel","Books and Books"],"articleSection":["Briefing"],"inLanguage":"en-US"},{"@type":"WebPage","@id":"https:\/\/mdcthereporter.com\/staging\/8357\/miami-book-fair-presents-carlos-gamez-perezs-discussion-on-bad-newsmalas-noticias-desde-la-isla\/","url":"https:\/\/mdcthereporter.com\/staging\/8357\/miami-book-fair-presents-carlos-gamez-perezs-discussion-on-bad-newsmalas-noticias-desde-la-isla\/","name":"Miami Book Fair Presents Carlos G\u00e1mez P\u00e9rez\u2019s Discussion On New Book","isPartOf":{"@id":"https:\/\/mdcthereporter.com\/staging\/8357\/#website"},"primaryImageOfPage":{"@id":"https:\/\/mdcthereporter.com\/staging\/8357\/miami-book-fair-presents-carlos-gamez-perezs-discussion-on-bad-newsmalas-noticias-desde-la-isla\/#primaryimage"},"image":{"@id":"https:\/\/mdcthereporter.com\/staging\/8357\/miami-book-fair-presents-carlos-gamez-perezs-discussion-on-bad-newsmalas-noticias-desde-la-isla\/#primaryimage"},"thumbnailUrl":"https:\/\/mdcthereporter.com\/staging\/8357\/wp-content\/uploads\/2018\/08\/briefing_header_3_1.jpg","datePublished":"2019-02-08T18:38:56+00:00","dateModified":"2020-07-07T16:13:55+00:00","description":"Carlos G\u00e1mez P\u00e9rez will discuss his dystopian novel, Bad News (Malas Noticias Desde La Isla), at Books and Books, 265 Aragon Ave., on Feb. 23 at 8 p.m.","breadcrumb":{"@id":"https:\/\/mdcthereporter.com\/staging\/8357\/miami-book-fair-presents-carlos-gamez-perezs-discussion-on-bad-newsmalas-noticias-desde-la-isla\/#breadcrumb"},"inLanguage":"en-US","potentialAction":[{"@type":"ReadAction","target":["https:\/\/mdcthereporter.com\/staging\/8357\/miami-book-fair-presents-carlos-gamez-perezs-discussion-on-bad-newsmalas-noticias-desde-la-isla\/"]}]},{"@type":"ImageObject","inLanguage":"en-US","@id":"https:\/\/mdcthereporter.com\/staging\/8357\/miami-book-fair-presents-carlos-gamez-perezs-discussion-on-bad-newsmalas-noticias-desde-la-isla\/#primaryimage","url":"https:\/\/mdcthereporter.com\/staging\/8357\/wp-content\/uploads\/2018\/08\/briefing_header_3_1.jpg","contentUrl":"https:\/\/mdcthereporter.com\/staging\/8357\/wp-content\/uploads\/2018\/08\/briefing_header_3_1.jpg","width":800,"height":534,"caption":"Image with the word \"Briefing\" and The Reporter Logo"},{"@type":"BreadcrumbList","@id":"https:\/\/mdcthereporter.com\/staging\/8357\/miami-book-fair-presents-carlos-gamez-perezs-discussion-on-bad-newsmalas-noticias-desde-la-isla\/#breadcrumb","itemListElement":[{"@type":"ListItem","position":1,"name":"Home","item":"https:\/\/mdcthereporter.com\/staging\/8357\/"},{"@type":"ListItem","position":2,"name":"Miami Book Fair Presents Carlos G\u00e1mez P\u00e9rez\u2019s Discussion On Bad News (Malas Noticias Desde La Isla)"}]},{"@type":"WebSite","@id":"https:\/\/mdcthereporter.com\/staging\/8357\/#website","url":"https:\/\/mdcthereporter.com\/staging\/8357\/","name":"The Reporter: The Student Newspaper at Miami Dade College","description":"","publisher":{"@id":"https:\/\/mdcthereporter.com\/staging\/8357\/#organization"},"potentialAction":[{"@type":"SearchAction","target":{"@type":"EntryPoint","urlTemplate":"https:\/\/mdcthereporter.com\/staging\/8357\/?s={search_term_string}"},"query-input":{"@type":"PropertyValueSpecification","valueRequired":true,"valueName":"search_term_string"}}],"inLanguage":"en-US"},{"@type":"Organization","@id":"https:\/\/mdcthereporter.com\/staging\/8357\/#organization","name":"MDC The Reporter","url":"https:\/\/mdcthereporter.com\/staging\/8357\/","logo":{"@type":"ImageObject","inLanguage":"en-US","@id":"https:\/\/mdcthereporter.com\/staging\/8357\/#\/schema\/logo\/image\/","url":"https:\/\/mdcthereporter.com\/\/wp-content\/uploads\/2016\/08\/R_reporter_logo.png","contentUrl":"https:\/\/mdcthereporter.com\/\/wp-content\/uploads\/2016\/08\/R_reporter_logo.png","width":315,"height":309,"caption":"MDC The Reporter"},"image":{"@id":"https:\/\/mdcthereporter.com\/staging\/8357\/#\/schema\/logo\/image\/"}},{"@type":"Person","@id":"https:\/\/mdcthereporter.com\/staging\/8357\/#\/schema\/person\/53bd18a57e5e2c6155d79df5a265a549","name":"Natalie Gutierrez","image":{"@type":"ImageObject","inLanguage":"en-US","@id":"https:\/\/mdcthereporter.com\/staging\/8357\/wp-content\/uploads\/2016\/09\/R_reporter_logo-1-1-125x125.png","url":"https:\/\/mdcthereporter.com\/staging\/8357\/wp-content\/uploads\/2016\/09\/R_reporter_logo-1-1-125x125.png","contentUrl":"https:\/\/mdcthereporter.com\/staging\/8357\/wp-content\/uploads\/2016\/09\/R_reporter_logo-1-1-125x125.png","caption":"Natalie Gutierrez"},"url":"https:\/\/mdcthereporter.com\/staging\/8357\/author\/natalie-gutierrez\/"}]}},"cc_featured_image_caption":{"caption_text":"","source_text":"","source_url":""},"_links":{"self":[{"href":"https:\/\/mdcthereporter.com\/staging\/8357\/wp-json\/wp\/v2\/posts\/15375","targetHints":{"allow":["GET"]}}],"collection":[{"href":"https:\/\/mdcthereporter.com\/staging\/8357\/wp-json\/wp\/v2\/posts"}],"about":[{"href":"https:\/\/mdcthereporter.com\/staging\/8357\/wp-json\/wp\/v2\/types\/post"}],"author":[{"embeddable":true,"href":"https:\/\/mdcthereporter.com\/staging\/8357\/wp-json\/wp\/v2\/users\/525"}],"replies":[{"embeddable":true,"href":"https:\/\/mdcthereporter.com\/staging\/8357\/wp-json\/wp\/v2\/comments?post=15375"}],"version-history":[{"count":0,"href":"https:\/\/mdcthereporter.com\/staging\/8357\/wp-json\/wp\/v2\/posts\/15375\/revisions"}],"wp:featuredmedia":[{"embeddable":true,"href":"https:\/\/mdcthereporter.com\/staging\/8357\/wp-json\/wp\/v2\/media\/14039"}],"wp:attachment":[{"href":"https:\/\/mdcthereporter.com\/staging\/8357\/wp-json\/wp\/v2\/media?parent=15375"}],"wp:term":[{"taxonomy":"category","embeddable":true,"href":"https:\/\/mdcthereporter.com\/staging\/8357\/wp-json\/wp\/v2\/categories?post=15375"},{"taxonomy":"post_tag","embeddable":true,"href":"https:\/\/mdcthereporter.com\/staging\/8357\/wp-json\/wp\/v2\/tags?post=15375"}],"curies":[{"name":"wp","href":"https:\/\/api.w.org\/{rel}","templated":true}]}}