{"id":17595,"date":"2020-01-10T12:08:47","date_gmt":"2020-01-10T17:08:47","guid":{"rendered":"https:\/\/www.mdcthereporter.com\/?p=17595"},"modified":"2020-06-02T13:36:05","modified_gmt":"2020-06-02T17:36:05","slug":"literary-critic-to-discuss-jose-martis-life","status":"publish","type":"post","link":"https:\/\/mdcthereporter.com\/staging\/8357\/literary-critic-to-discuss-jose-martis-life\/","title":{"rendered":"Literary Critic To Discuss Jose Marti\u2019s Life"},"content":{"rendered":"<p><span style=\"font-weight: 400;\">Jos\u00e9 Ra\u00fal Vidal y Franco, an essayist and critic, will discuss the life and work of Cuban poet and journalist Jos\u00e9 Mart\u00ed at Imago Art in Action, 165 Majorca Ave., on Jan. 28 at 8 p.m.\u00a0<\/span><\/p>\n<p><span style=\"font-weight: 400;\">He will analyze Mart\u00ed\u2019s perspective on life and death, and how they connect with his literary work.\u00a0<\/span><\/p>\n<p><span style=\"font-weight: 400;\">Vidal y Franco, who was born in Cuba, has written several books centered around Mart\u00ed\u2019s life such as <\/span><i><span style=\"font-weight: 400;\">Jos\u00e9 Mart\u00ed: to the light of the bush<\/span><\/i><span style=\"font-weight: 400;\"> in 2014 and <\/span><i><span style=\"font-weight: 400;\">Jos\u00e9 Mart\u00ed: notes of images <\/span><\/i><span style=\"font-weight: 400;\">in 2015.\u00a0<\/span><\/p>\n<p><span style=\"font-weight: 400;\">The event will be hosted by the <a href=\"https:\/\/www.mdcthereporter.com\/search\/?q=%22miami%20book%20fair%22&amp;_siq_page=1&amp;_siq_sort=relevance\"><span style=\"color: #0000ff;\">Miami Book Fair<\/span><\/a> in collaboration with Imago Art in Action.\u00a0<\/span><\/p>\n<p><span style=\"font-weight: 400;\">It\u2019s free and open to the public. Attendees can reserve a seat at <\/span><a href=\"https:\/\/www.miamibookfair.com\/event\/homenaje-a-jose-marti-la-poetica-de-la-muerte-el-sacrificio-y-la-cruz-en-marti-con-jose-raul-vidal-y-franco\/\"><span style=\"font-weight: 400;\">www.miamibookfair.com\/event\/homenaje-a-jose-marti-la-poetica-de-la-muerte-el-sacrificio-y-la-cruz-en-marti-con-jose-raul-vidal-y-franco\/<\/span><\/a><span style=\"font-weight: 400;\">.\u00a0<\/span><\/p>\n<p><span style=\"font-weight: 400;\">For more information, contact Lisette Mendez at <\/span><span style=\"font-weight: 400;\">(305) 237-7899 or lmendez@mdc.edu.<\/span><\/p>\n","protected":false},"excerpt":{"rendered":"<p>Jos\u00e9 Ra\u00fal Vidal y Franco, an essayist and critic, will discuss the life and work of Cuban poet and journalist Jos\u00e9 Mart\u00ed at Imago Art in Action, 165 Majorca Ave., on Jan. 28 at 8 p.m.\u00a0 He will analyze Mart\u00ed\u2019s perspective on life and death, and how they connect with his literary work.\u00a0 Vidal y [&hellip;]<\/p>\n","protected":false},"author":523,"featured_media":14039,"comment_status":"closed","ping_status":"closed","sticky":false,"template":"","format":"standard","meta":{"nf_dc_page":"","tdm_status":"","tdm_grid_status":"","footnotes":""},"categories":[12],"tags":[308,386,1292,1565],"class_list":{"0":"post-17595","1":"post","2":"type-post","3":"status-publish","4":"format-standard","5":"has-post-thumbnail","7":"category-briefing","8":"tag-miami-book-fair","9":"tag-poetry","10":"tag-mbf","11":"tag-jose-marti"},"yoast_head":"<!-- This site is optimized with the Yoast SEO plugin v27.4 - https:\/\/yoast.com\/product\/yoast-seo-wordpress\/ -->\n<title>Literary Critic To Discuss The Poet Jose Marti\u2019s Life<\/title>\n<meta name=\"description\" content=\"Jos\u00e9 Ra\u00fal Vidal y Franco will discuss the life and work of Cuban poet and journalist Jos\u00e9 Mart\u00ed at Imago Art in Action on Jan. 28 at 8 p.m.\" \/>\n<meta name=\"robots\" content=\"index, follow, max-snippet:-1, max-image-preview:large, max-video-preview:-1\" \/>\n<link rel=\"canonical\" href=\"https:\/\/mdcthereporter.com\/staging\/8357\/literary-critic-to-discuss-jose-martis-life\/\" \/>\n<meta property=\"og:locale\" content=\"en_US\" \/>\n<meta property=\"og:type\" content=\"article\" \/>\n<meta property=\"og:title\" content=\"Literary Critic To Discuss The Poet Jose Marti\u2019s Life\" \/>\n<meta property=\"og:description\" content=\"Jos\u00e9 Ra\u00fal Vidal y Franco will discuss the life and work of Cuban poet and journalist Jos\u00e9 Mart\u00ed at Imago Art in Action on Jan. 28 at 8 p.m.\" \/>\n<meta property=\"og:url\" content=\"https:\/\/mdcthereporter.com\/staging\/8357\/literary-critic-to-discuss-jose-martis-life\/\" \/>\n<meta property=\"og:site_name\" content=\"The Reporter: The Student Newspaper at Miami Dade College\" \/>\n<meta property=\"article:published_time\" content=\"2020-01-10T17:08:47+00:00\" \/>\n<meta property=\"article:modified_time\" content=\"2020-06-02T17:36:05+00:00\" \/>\n<meta property=\"og:image\" content=\"https:\/\/mdcthereporter.com\/staging\/8357\/wp-content\/uploads\/2018\/08\/briefing_header_3_1.jpg\" \/>\n\t<meta property=\"og:image:width\" content=\"800\" \/>\n\t<meta property=\"og:image:height\" content=\"534\" \/>\n\t<meta property=\"og:image:type\" content=\"image\/jpeg\" \/>\n<meta name=\"author\" content=\"Heidi Perez\" \/>\n<meta name=\"twitter:card\" content=\"summary_large_image\" \/>\n<meta name=\"twitter:label1\" content=\"Written by\" \/>\n\t<meta name=\"twitter:data1\" content=\"Heidi Perez\" \/>\n\t<meta name=\"twitter:label2\" content=\"Est. reading time\" \/>\n\t<meta name=\"twitter:data2\" content=\"1 minute\" \/>\n<script type=\"application\/ld+json\" class=\"yoast-schema-graph\">{\"@context\":\"https:\\\/\\\/schema.org\",\"@graph\":[{\"@type\":\"Article\",\"@id\":\"https:\\\/\\\/mdcthereporter.com\\\/staging\\\/8357\\\/literary-critic-to-discuss-jose-martis-life\\\/#article\",\"isPartOf\":{\"@id\":\"https:\\\/\\\/mdcthereporter.com\\\/staging\\\/8357\\\/literary-critic-to-discuss-jose-martis-life\\\/\"},\"author\":{\"name\":\"Heidi Perez\",\"@id\":\"https:\\\/\\\/mdcthereporter.com\\\/staging\\\/8357\\\/#\\\/schema\\\/person\\\/f52bdcda8eee39b9c8967c0cfce8826a\"},\"headline\":\"Literary Critic To Discuss Jose Marti\u2019s Life\",\"datePublished\":\"2020-01-10T17:08:47+00:00\",\"dateModified\":\"2020-06-02T17:36:05+00:00\",\"mainEntityOfPage\":{\"@id\":\"https:\\\/\\\/mdcthereporter.com\\\/staging\\\/8357\\\/literary-critic-to-discuss-jose-martis-life\\\/\"},\"wordCount\":144,\"publisher\":{\"@id\":\"https:\\\/\\\/mdcthereporter.com\\\/staging\\\/8357\\\/#organization\"},\"image\":{\"@id\":\"https:\\\/\\\/mdcthereporter.com\\\/staging\\\/8357\\\/literary-critic-to-discuss-jose-martis-life\\\/#primaryimage\"},\"thumbnailUrl\":\"https:\\\/\\\/mdcthereporter.com\\\/staging\\\/8357\\\/wp-content\\\/uploads\\\/2018\\\/08\\\/briefing_header_3_1.jpg\",\"keywords\":[\"Miami Book Fair\",\"Poetry\",\"MBF\",\"Jose Marti\"],\"articleSection\":[\"Briefing\"],\"inLanguage\":\"en-US\"},{\"@type\":\"WebPage\",\"@id\":\"https:\\\/\\\/mdcthereporter.com\\\/staging\\\/8357\\\/literary-critic-to-discuss-jose-martis-life\\\/\",\"url\":\"https:\\\/\\\/mdcthereporter.com\\\/staging\\\/8357\\\/literary-critic-to-discuss-jose-martis-life\\\/\",\"name\":\"Literary Critic To Discuss The Poet Jose Marti\u2019s Life\",\"isPartOf\":{\"@id\":\"https:\\\/\\\/mdcthereporter.com\\\/staging\\\/8357\\\/#website\"},\"primaryImageOfPage\":{\"@id\":\"https:\\\/\\\/mdcthereporter.com\\\/staging\\\/8357\\\/literary-critic-to-discuss-jose-martis-life\\\/#primaryimage\"},\"image\":{\"@id\":\"https:\\\/\\\/mdcthereporter.com\\\/staging\\\/8357\\\/literary-critic-to-discuss-jose-martis-life\\\/#primaryimage\"},\"thumbnailUrl\":\"https:\\\/\\\/mdcthereporter.com\\\/staging\\\/8357\\\/wp-content\\\/uploads\\\/2018\\\/08\\\/briefing_header_3_1.jpg\",\"datePublished\":\"2020-01-10T17:08:47+00:00\",\"dateModified\":\"2020-06-02T17:36:05+00:00\",\"description\":\"Jos\u00e9 Ra\u00fal Vidal y Franco will discuss the life and work of Cuban poet and journalist Jos\u00e9 Mart\u00ed at Imago Art in Action on Jan. 28 at 8 p.m.\",\"breadcrumb\":{\"@id\":\"https:\\\/\\\/mdcthereporter.com\\\/staging\\\/8357\\\/literary-critic-to-discuss-jose-martis-life\\\/#breadcrumb\"},\"inLanguage\":\"en-US\",\"potentialAction\":[{\"@type\":\"ReadAction\",\"target\":[\"https:\\\/\\\/mdcthereporter.com\\\/staging\\\/8357\\\/literary-critic-to-discuss-jose-martis-life\\\/\"]}]},{\"@type\":\"ImageObject\",\"inLanguage\":\"en-US\",\"@id\":\"https:\\\/\\\/mdcthereporter.com\\\/staging\\\/8357\\\/literary-critic-to-discuss-jose-martis-life\\\/#primaryimage\",\"url\":\"https:\\\/\\\/mdcthereporter.com\\\/staging\\\/8357\\\/wp-content\\\/uploads\\\/2018\\\/08\\\/briefing_header_3_1.jpg\",\"contentUrl\":\"https:\\\/\\\/mdcthereporter.com\\\/staging\\\/8357\\\/wp-content\\\/uploads\\\/2018\\\/08\\\/briefing_header_3_1.jpg\",\"width\":800,\"height\":534,\"caption\":\"Image with the word \\\"Briefing\\\" and The Reporter Logo\"},{\"@type\":\"BreadcrumbList\",\"@id\":\"https:\\\/\\\/mdcthereporter.com\\\/staging\\\/8357\\\/literary-critic-to-discuss-jose-martis-life\\\/#breadcrumb\",\"itemListElement\":[{\"@type\":\"ListItem\",\"position\":1,\"name\":\"Home\",\"item\":\"https:\\\/\\\/mdcthereporter.com\\\/staging\\\/8357\\\/\"},{\"@type\":\"ListItem\",\"position\":2,\"name\":\"Literary Critic To Discuss Jose Marti\u2019s Life\"}]},{\"@type\":\"WebSite\",\"@id\":\"https:\\\/\\\/mdcthereporter.com\\\/staging\\\/8357\\\/#website\",\"url\":\"https:\\\/\\\/mdcthereporter.com\\\/staging\\\/8357\\\/\",\"name\":\"The Reporter: The Student Newspaper at Miami Dade College\",\"description\":\"\",\"publisher\":{\"@id\":\"https:\\\/\\\/mdcthereporter.com\\\/staging\\\/8357\\\/#organization\"},\"potentialAction\":[{\"@type\":\"SearchAction\",\"target\":{\"@type\":\"EntryPoint\",\"urlTemplate\":\"https:\\\/\\\/mdcthereporter.com\\\/staging\\\/8357\\\/?s={search_term_string}\"},\"query-input\":{\"@type\":\"PropertyValueSpecification\",\"valueRequired\":true,\"valueName\":\"search_term_string\"}}],\"inLanguage\":\"en-US\"},{\"@type\":\"Organization\",\"@id\":\"https:\\\/\\\/mdcthereporter.com\\\/staging\\\/8357\\\/#organization\",\"name\":\"MDC The Reporter\",\"url\":\"https:\\\/\\\/mdcthereporter.com\\\/staging\\\/8357\\\/\",\"logo\":{\"@type\":\"ImageObject\",\"inLanguage\":\"en-US\",\"@id\":\"https:\\\/\\\/mdcthereporter.com\\\/staging\\\/8357\\\/#\\\/schema\\\/logo\\\/image\\\/\",\"url\":\"https:\\\/\\\/mdcthereporter.com\\\/\\\/wp-content\\\/uploads\\\/2016\\\/08\\\/R_reporter_logo.png\",\"contentUrl\":\"https:\\\/\\\/mdcthereporter.com\\\/\\\/wp-content\\\/uploads\\\/2016\\\/08\\\/R_reporter_logo.png\",\"width\":315,\"height\":309,\"caption\":\"MDC The Reporter\"},\"image\":{\"@id\":\"https:\\\/\\\/mdcthereporter.com\\\/staging\\\/8357\\\/#\\\/schema\\\/logo\\\/image\\\/\"}},{\"@type\":\"Person\",\"@id\":\"https:\\\/\\\/mdcthereporter.com\\\/staging\\\/8357\\\/#\\\/schema\\\/person\\\/f52bdcda8eee39b9c8967c0cfce8826a\",\"name\":\"Heidi Perez\",\"image\":{\"@type\":\"ImageObject\",\"inLanguage\":\"en-US\",\"@id\":\"https:\\\/\\\/mdcthereporter.com\\\/staging\\\/8357\\\/wp-content\\\/uploads\\\/2016\\\/09\\\/R_reporter_logo-1-1-125x125.png\",\"url\":\"https:\\\/\\\/mdcthereporter.com\\\/staging\\\/8357\\\/wp-content\\\/uploads\\\/2016\\\/09\\\/R_reporter_logo-1-1-125x125.png\",\"contentUrl\":\"https:\\\/\\\/mdcthereporter.com\\\/staging\\\/8357\\\/wp-content\\\/uploads\\\/2016\\\/09\\\/R_reporter_logo-1-1-125x125.png\",\"caption\":\"Heidi Perez\"},\"url\":\"https:\\\/\\\/mdcthereporter.com\\\/staging\\\/8357\\\/author\\\/heidi-perez\\\/\"}]}<\/script>\n<!-- \/ Yoast SEO plugin. -->","yoast_head_json":{"title":"Literary Critic To Discuss The Poet Jose Marti\u2019s Life","description":"Jos\u00e9 Ra\u00fal Vidal y Franco will discuss the life and work of Cuban poet and journalist Jos\u00e9 Mart\u00ed at Imago Art in Action on Jan. 28 at 8 p.m.","robots":{"index":"index","follow":"follow","max-snippet":"max-snippet:-1","max-image-preview":"max-image-preview:large","max-video-preview":"max-video-preview:-1"},"canonical":"https:\/\/mdcthereporter.com\/staging\/8357\/literary-critic-to-discuss-jose-martis-life\/","og_locale":"en_US","og_type":"article","og_title":"Literary Critic To Discuss The Poet Jose Marti\u2019s Life","og_description":"Jos\u00e9 Ra\u00fal Vidal y Franco will discuss the life and work of Cuban poet and journalist Jos\u00e9 Mart\u00ed at Imago Art in Action on Jan. 28 at 8 p.m.","og_url":"https:\/\/mdcthereporter.com\/staging\/8357\/literary-critic-to-discuss-jose-martis-life\/","og_site_name":"The Reporter: The Student Newspaper at Miami Dade College","article_published_time":"2020-01-10T17:08:47+00:00","article_modified_time":"2020-06-02T17:36:05+00:00","og_image":[{"width":800,"height":534,"url":"https:\/\/mdcthereporter.com\/staging\/8357\/wp-content\/uploads\/2018\/08\/briefing_header_3_1.jpg","type":"image\/jpeg"}],"author":"Heidi Perez","twitter_card":"summary_large_image","twitter_misc":{"Written by":"Heidi Perez","Est. reading time":"1 minute"},"schema":{"@context":"https:\/\/schema.org","@graph":[{"@type":"Article","@id":"https:\/\/mdcthereporter.com\/staging\/8357\/literary-critic-to-discuss-jose-martis-life\/#article","isPartOf":{"@id":"https:\/\/mdcthereporter.com\/staging\/8357\/literary-critic-to-discuss-jose-martis-life\/"},"author":{"name":"Heidi Perez","@id":"https:\/\/mdcthereporter.com\/staging\/8357\/#\/schema\/person\/f52bdcda8eee39b9c8967c0cfce8826a"},"headline":"Literary Critic To Discuss Jose Marti\u2019s Life","datePublished":"2020-01-10T17:08:47+00:00","dateModified":"2020-06-02T17:36:05+00:00","mainEntityOfPage":{"@id":"https:\/\/mdcthereporter.com\/staging\/8357\/literary-critic-to-discuss-jose-martis-life\/"},"wordCount":144,"publisher":{"@id":"https:\/\/mdcthereporter.com\/staging\/8357\/#organization"},"image":{"@id":"https:\/\/mdcthereporter.com\/staging\/8357\/literary-critic-to-discuss-jose-martis-life\/#primaryimage"},"thumbnailUrl":"https:\/\/mdcthereporter.com\/staging\/8357\/wp-content\/uploads\/2018\/08\/briefing_header_3_1.jpg","keywords":["Miami Book Fair","Poetry","MBF","Jose Marti"],"articleSection":["Briefing"],"inLanguage":"en-US"},{"@type":"WebPage","@id":"https:\/\/mdcthereporter.com\/staging\/8357\/literary-critic-to-discuss-jose-martis-life\/","url":"https:\/\/mdcthereporter.com\/staging\/8357\/literary-critic-to-discuss-jose-martis-life\/","name":"Literary Critic To Discuss The Poet Jose Marti\u2019s Life","isPartOf":{"@id":"https:\/\/mdcthereporter.com\/staging\/8357\/#website"},"primaryImageOfPage":{"@id":"https:\/\/mdcthereporter.com\/staging\/8357\/literary-critic-to-discuss-jose-martis-life\/#primaryimage"},"image":{"@id":"https:\/\/mdcthereporter.com\/staging\/8357\/literary-critic-to-discuss-jose-martis-life\/#primaryimage"},"thumbnailUrl":"https:\/\/mdcthereporter.com\/staging\/8357\/wp-content\/uploads\/2018\/08\/briefing_header_3_1.jpg","datePublished":"2020-01-10T17:08:47+00:00","dateModified":"2020-06-02T17:36:05+00:00","description":"Jos\u00e9 Ra\u00fal Vidal y Franco will discuss the life and work of Cuban poet and journalist Jos\u00e9 Mart\u00ed at Imago Art in Action on Jan. 28 at 8 p.m.","breadcrumb":{"@id":"https:\/\/mdcthereporter.com\/staging\/8357\/literary-critic-to-discuss-jose-martis-life\/#breadcrumb"},"inLanguage":"en-US","potentialAction":[{"@type":"ReadAction","target":["https:\/\/mdcthereporter.com\/staging\/8357\/literary-critic-to-discuss-jose-martis-life\/"]}]},{"@type":"ImageObject","inLanguage":"en-US","@id":"https:\/\/mdcthereporter.com\/staging\/8357\/literary-critic-to-discuss-jose-martis-life\/#primaryimage","url":"https:\/\/mdcthereporter.com\/staging\/8357\/wp-content\/uploads\/2018\/08\/briefing_header_3_1.jpg","contentUrl":"https:\/\/mdcthereporter.com\/staging\/8357\/wp-content\/uploads\/2018\/08\/briefing_header_3_1.jpg","width":800,"height":534,"caption":"Image with the word \"Briefing\" and The Reporter Logo"},{"@type":"BreadcrumbList","@id":"https:\/\/mdcthereporter.com\/staging\/8357\/literary-critic-to-discuss-jose-martis-life\/#breadcrumb","itemListElement":[{"@type":"ListItem","position":1,"name":"Home","item":"https:\/\/mdcthereporter.com\/staging\/8357\/"},{"@type":"ListItem","position":2,"name":"Literary Critic To Discuss Jose Marti\u2019s Life"}]},{"@type":"WebSite","@id":"https:\/\/mdcthereporter.com\/staging\/8357\/#website","url":"https:\/\/mdcthereporter.com\/staging\/8357\/","name":"The Reporter: The Student Newspaper at Miami Dade College","description":"","publisher":{"@id":"https:\/\/mdcthereporter.com\/staging\/8357\/#organization"},"potentialAction":[{"@type":"SearchAction","target":{"@type":"EntryPoint","urlTemplate":"https:\/\/mdcthereporter.com\/staging\/8357\/?s={search_term_string}"},"query-input":{"@type":"PropertyValueSpecification","valueRequired":true,"valueName":"search_term_string"}}],"inLanguage":"en-US"},{"@type":"Organization","@id":"https:\/\/mdcthereporter.com\/staging\/8357\/#organization","name":"MDC The Reporter","url":"https:\/\/mdcthereporter.com\/staging\/8357\/","logo":{"@type":"ImageObject","inLanguage":"en-US","@id":"https:\/\/mdcthereporter.com\/staging\/8357\/#\/schema\/logo\/image\/","url":"https:\/\/mdcthereporter.com\/\/wp-content\/uploads\/2016\/08\/R_reporter_logo.png","contentUrl":"https:\/\/mdcthereporter.com\/\/wp-content\/uploads\/2016\/08\/R_reporter_logo.png","width":315,"height":309,"caption":"MDC The Reporter"},"image":{"@id":"https:\/\/mdcthereporter.com\/staging\/8357\/#\/schema\/logo\/image\/"}},{"@type":"Person","@id":"https:\/\/mdcthereporter.com\/staging\/8357\/#\/schema\/person\/f52bdcda8eee39b9c8967c0cfce8826a","name":"Heidi Perez","image":{"@type":"ImageObject","inLanguage":"en-US","@id":"https:\/\/mdcthereporter.com\/staging\/8357\/wp-content\/uploads\/2016\/09\/R_reporter_logo-1-1-125x125.png","url":"https:\/\/mdcthereporter.com\/staging\/8357\/wp-content\/uploads\/2016\/09\/R_reporter_logo-1-1-125x125.png","contentUrl":"https:\/\/mdcthereporter.com\/staging\/8357\/wp-content\/uploads\/2016\/09\/R_reporter_logo-1-1-125x125.png","caption":"Heidi Perez"},"url":"https:\/\/mdcthereporter.com\/staging\/8357\/author\/heidi-perez\/"}]}},"cc_featured_image_caption":{"caption_text":"","source_text":"","source_url":""},"_links":{"self":[{"href":"https:\/\/mdcthereporter.com\/staging\/8357\/wp-json\/wp\/v2\/posts\/17595","targetHints":{"allow":["GET"]}}],"collection":[{"href":"https:\/\/mdcthereporter.com\/staging\/8357\/wp-json\/wp\/v2\/posts"}],"about":[{"href":"https:\/\/mdcthereporter.com\/staging\/8357\/wp-json\/wp\/v2\/types\/post"}],"author":[{"embeddable":true,"href":"https:\/\/mdcthereporter.com\/staging\/8357\/wp-json\/wp\/v2\/users\/523"}],"replies":[{"embeddable":true,"href":"https:\/\/mdcthereporter.com\/staging\/8357\/wp-json\/wp\/v2\/comments?post=17595"}],"version-history":[{"count":0,"href":"https:\/\/mdcthereporter.com\/staging\/8357\/wp-json\/wp\/v2\/posts\/17595\/revisions"}],"wp:featuredmedia":[{"embeddable":true,"href":"https:\/\/mdcthereporter.com\/staging\/8357\/wp-json\/wp\/v2\/media\/14039"}],"wp:attachment":[{"href":"https:\/\/mdcthereporter.com\/staging\/8357\/wp-json\/wp\/v2\/media?parent=17595"}],"wp:term":[{"taxonomy":"category","embeddable":true,"href":"https:\/\/mdcthereporter.com\/staging\/8357\/wp-json\/wp\/v2\/categories?post=17595"},{"taxonomy":"post_tag","embeddable":true,"href":"https:\/\/mdcthereporter.com\/staging\/8357\/wp-json\/wp\/v2\/tags?post=17595"}],"curies":[{"name":"wp","href":"https:\/\/api.w.org\/{rel}","templated":true}]}}