{"id":39172,"date":"2025-03-11T17:26:18","date_gmt":"2025-03-11T21:26:18","guid":{"rendered":"https:\/\/mdcthereporter.com\/\/?p=39172"},"modified":"2025-03-11T17:27:46","modified_gmt":"2025-03-11T21:27:46","slug":"patria-y-vida-the-song-that-sparked-a-cuban-revolution","status":"publish","type":"post","link":"https:\/\/mdcthereporter.com\/staging\/8357\/patria-y-vida-the-song-that-sparked-a-cuban-revolution\/","title":{"rendered":"Patria Y Vida: The Song That Sparked A Cuban Revolution"},"content":{"rendered":"<p><span style=\"font-weight: 400;\">Throughout history, songs have shaped generations and nations, influencing decisions, even sparking rebellions.\u00a0<\/span><\/p>\n<p><span style=\"font-weight: 400;\">In Cuba, many songs have helped people see the harsh realities of their situation\u2014some expressing them directly and others with veiled lyrics. But in 2021, one song changed Cuba\u2019s history and its people.<\/span><\/p>\n<p><span style=\"font-weight: 400;\">That year, Cubans were still enduring the repercussions of the COVID-19 pandemic, compounded by the ongoing crisis of food and medicine shortages.<\/span><\/p>\n<p><span style=\"font-weight: 400;\">Then I remember seeing a news broadcast that shocked my family and me. We saw the San Isidro Movement, a group reportedly assaulting homes and businesses. There were images of houses being destroyed\u2014those images were far from the truth.<\/span><\/p>\n<p><span style=\"font-weight: 400;\">The San Isidro Movement, founded in 2018 by musicians Denis Sol\u00eds, Maykel Castillo, Carlos Manuel \u00c1lvarez and Luis Manuel Otero Alc\u00e1ntara, protested against the government\u2019s oppression.\u00a0<\/span><\/p>\n<p><span style=\"font-weight: 400;\">It was never violent. It was a peaceful, artistic movement that used art to protest the abuse and misery perpetrated by the Cuban government.\u00a0<\/span><\/p>\n<p><span style=\"font-weight: 400;\">The group included musicians and rappers who used their music as a form of protest. Then came <\/span><i><span style=\"font-weight: 400;\"><a href=\"https:\/\/www.youtube.com\/watch?v=pP9Bto5lOEQ\">Patria y Vida<\/a>, <\/span><\/i><span style=\"font-weight: 400;\">a collaboration between Cuban artists: Luis Manuel Otero Alc\u00e1ntara, Maykel Castillo Osorbo, Descemer Bueno, Yotuel, El Funky and the duo Gente de Zona.<\/span><\/p>\n<p><span style=\"font-weight: 400;\">It united voices still living in Cuba and those in exile\u2014to deliver a collective message of defiance and hope.\u00a0<\/span><\/p>\n<p><span style=\"font-weight: 400;\">The song\u2019s lyrics spoke truths about our reality: hunger, abuse of power, suppression of free expression and the government hindering our history.\u00a0<\/span><\/p>\n<p><span style=\"font-weight: 400;\">Cubans felt heard as the song reached the world through international headlines.\u00a0<\/span><\/p>\n<p><i><span style=\"font-weight: 400;\">Patria y Vida<\/span><\/i><span style=\"font-weight: 400;\"> won two Latin Grammys in 2021\u2014Song of the Year and Best Urban Song. It created a hashtag that reached more than 342 million views.<\/span><\/p>\n<p><span style=\"font-weight: 400;\">The Cuban government repeatedly blocked the music video, and listening to the song in the country became illegal. On the day it was released, the internet in Cuba was cut off\u2014a common occurrence.<\/span><\/p>\n<p><span style=\"font-weight: 400;\">But the song did more than raise awareness abroad, it inspired Cubans to say, \u201cenough\u201d and fueled a revolution.<\/span><\/p>\n<p><span style=\"font-weight: 400;\">On July 11, 2021, Cubans took to the streets in the largest protest since 1994.<\/span><\/p>\n<p><span style=\"font-weight: 400;\">The demonstration was peaceful\u2014at least on the people\u2019s side. We had no weapons, only our voices and the solidarity of those around us.\u00a0<\/span><\/p>\n<p><span style=\"font-weight: 400;\">Protesters were ordinary people: the poor, who stood in long lines to get a piece of chicken.<\/span><\/p>\n<p><span style=\"font-weight: 400;\">The government\u2019s response was to deploy the military. They were not peaceful, striking out indiscriminately, with no regard for women, children or the elderly.<\/span><\/p>\n<p><span style=\"font-weight: 400;\">A\u00a0 friend, who was serving in the military, called me to warn me because they were sending 18-year-old recruits dressed as civilians and forcing them to beat their own people.<\/span><\/p>\n<p><span style=\"font-weight: 400;\">The government did not stop there. They lied on the news, hiding images of people being beaten, detained arbitrarily and having their homes stripped.<\/span><\/p>\n<p><span style=\"font-weight: 400;\">An example of the repression is Maykel Osorbo, who remains imprisoned to this day because of <\/span><i><span style=\"font-weight: 400;\">Patria y Vida<\/span><\/i><span style=\"font-weight: 400;\">.\u00a0<\/span><\/p>\n<p><span style=\"font-weight: 400;\">Before imprisoning him, the government committed him to a psychiatric hospital. Osorbo is a father, and his daughter is growing up without him because he spoke the truth.<\/span><\/p>\n<p><span style=\"font-weight: 400;\">I wish I could say that July 11 changed everything, but it did not. This fight is not over.\u00a0<\/span><\/p>\n<p><span style=\"font-weight: 400;\">People still stand in endless lines for little to no food and endure power outages lasting up to 12 hours.\u00a0<\/span><\/p>\n<p><span style=\"font-weight: 400;\">Cubans still have to flee their country in search of happiness while the government continues to enrich itself at the people\u2019s expense.<\/span><\/p>\n<p><span style=\"font-weight: 400;\">For Cuban immigrants like me, the struggle is a constant ache\u2014a reminder of the loved ones left behind and a homeland that we may never see again.\u00a0<\/span><\/p>\n<p><i><span style=\"font-weight: 400;\">Patria y Vida<\/span><\/i><span style=\"font-weight: 400;\"> is more than a song; it\u2019s a voice for those in exile, carrying their pain, their hope and fight for a free Cuba. <\/span><\/p>\n","protected":false},"excerpt":{"rendered":"<p>Throughout history, songs have shaped generations and nations, influencing decisions, even sparking rebellions.\u00a0 In Cuba, many songs have helped people see the harsh realities of their situation\u2014some expressing them directly and others with veiled lyrics. But in 2021, one song changed Cuba\u2019s history and its people. That year, Cubans were still enduring the repercussions of [&hellip;]<\/p>\n","protected":false},"author":13482671,"featured_media":39159,"comment_status":"closed","ping_status":"closed","sticky":false,"template":"","format":"standard","meta":{"nf_dc_page":"","tdm_status":"","tdm_grid_status":"","footnotes":""},"categories":[13],"tags":[],"class_list":{"0":"post-39172","1":"post","2":"type-post","3":"status-publish","4":"format-standard","5":"has-post-thumbnail","7":"category-forum"},"yoast_head":"<!-- This site is optimized with the Yoast SEO plugin v27.4 - https:\/\/yoast.com\/product\/yoast-seo-wordpress\/ -->\n<title>Patria Y Vida: The Song That Sparked A Cuban Revolution<\/title>\n<meta name=\"description\" content=\"In 2021, a group of Cuban musicians released a song entitled Patria y Vida, revealing the harsh realities of life under the regime.\" \/>\n<meta name=\"robots\" content=\"index, follow, max-snippet:-1, max-image-preview:large, max-video-preview:-1\" \/>\n<link rel=\"canonical\" href=\"https:\/\/mdcthereporter.com\/staging\/8357\/patria-y-vida-the-song-that-sparked-a-cuban-revolution\/\" \/>\n<meta property=\"og:locale\" content=\"en_US\" \/>\n<meta property=\"og:type\" content=\"article\" \/>\n<meta property=\"og:title\" content=\"Patria Y Vida: The Song That Sparked A Cuban Revolution\" \/>\n<meta property=\"og:description\" content=\"In 2021, a group of Cuban musicians released a song entitled Patria y Vida, revealing the harsh realities of life under the regime.\" \/>\n<meta property=\"og:url\" content=\"https:\/\/mdcthereporter.com\/staging\/8357\/patria-y-vida-the-song-that-sparked-a-cuban-revolution\/\" \/>\n<meta property=\"og:site_name\" content=\"The Reporter: The Student Newspaper at Miami Dade College\" \/>\n<meta property=\"article:published_time\" content=\"2025-03-11T21:26:18+00:00\" \/>\n<meta property=\"article:modified_time\" content=\"2025-03-11T21:27:46+00:00\" \/>\n<meta property=\"og:image\" content=\"https:\/\/mdcthereporter.com\/staging\/8357\/wp-content\/uploads\/2025\/03\/Patria-y-Vida13.jpg\" \/>\n\t<meta property=\"og:image:width\" content=\"1920\" \/>\n\t<meta property=\"og:image:height\" content=\"1080\" \/>\n\t<meta property=\"og:image:type\" content=\"image\/jpeg\" \/>\n<meta name=\"author\" content=\"Amanda Hernandez\" \/>\n<meta name=\"twitter:card\" content=\"summary_large_image\" \/>\n<meta name=\"twitter:label1\" content=\"Written by\" \/>\n\t<meta name=\"twitter:data1\" content=\"Amanda Hernandez\" \/>\n\t<meta name=\"twitter:label2\" content=\"Est. reading time\" \/>\n\t<meta name=\"twitter:data2\" content=\"3 minutes\" \/>\n<script type=\"application\/ld+json\" class=\"yoast-schema-graph\">{\"@context\":\"https:\\\/\\\/schema.org\",\"@graph\":[{\"@type\":\"Article\",\"@id\":\"https:\\\/\\\/mdcthereporter.com\\\/staging\\\/8357\\\/patria-y-vida-the-song-that-sparked-a-cuban-revolution\\\/#article\",\"isPartOf\":{\"@id\":\"https:\\\/\\\/mdcthereporter.com\\\/staging\\\/8357\\\/patria-y-vida-the-song-that-sparked-a-cuban-revolution\\\/\"},\"author\":{\"name\":\"Amanda Hernandez\",\"@id\":\"https:\\\/\\\/mdcthereporter.com\\\/staging\\\/8357\\\/#\\\/schema\\\/person\\\/e85bb1b36781aaa7a92de109f0edbc5f\"},\"headline\":\"Patria Y Vida: The Song That Sparked A Cuban Revolution\",\"datePublished\":\"2025-03-11T21:26:18+00:00\",\"dateModified\":\"2025-03-11T21:27:46+00:00\",\"mainEntityOfPage\":{\"@id\":\"https:\\\/\\\/mdcthereporter.com\\\/staging\\\/8357\\\/patria-y-vida-the-song-that-sparked-a-cuban-revolution\\\/\"},\"wordCount\":644,\"publisher\":{\"@id\":\"https:\\\/\\\/mdcthereporter.com\\\/staging\\\/8357\\\/#organization\"},\"image\":{\"@id\":\"https:\\\/\\\/mdcthereporter.com\\\/staging\\\/8357\\\/patria-y-vida-the-song-that-sparked-a-cuban-revolution\\\/#primaryimage\"},\"thumbnailUrl\":\"https:\\\/\\\/mdcthereporter.com\\\/staging\\\/8357\\\/wp-content\\\/uploads\\\/2025\\\/03\\\/Patria-y-Vida13.jpg\",\"articleSection\":[\"Forum\"],\"inLanguage\":\"en-US\"},{\"@type\":\"WebPage\",\"@id\":\"https:\\\/\\\/mdcthereporter.com\\\/staging\\\/8357\\\/patria-y-vida-the-song-that-sparked-a-cuban-revolution\\\/\",\"url\":\"https:\\\/\\\/mdcthereporter.com\\\/staging\\\/8357\\\/patria-y-vida-the-song-that-sparked-a-cuban-revolution\\\/\",\"name\":\"Patria Y Vida: The Song That Sparked A Cuban Revolution\",\"isPartOf\":{\"@id\":\"https:\\\/\\\/mdcthereporter.com\\\/staging\\\/8357\\\/#website\"},\"primaryImageOfPage\":{\"@id\":\"https:\\\/\\\/mdcthereporter.com\\\/staging\\\/8357\\\/patria-y-vida-the-song-that-sparked-a-cuban-revolution\\\/#primaryimage\"},\"image\":{\"@id\":\"https:\\\/\\\/mdcthereporter.com\\\/staging\\\/8357\\\/patria-y-vida-the-song-that-sparked-a-cuban-revolution\\\/#primaryimage\"},\"thumbnailUrl\":\"https:\\\/\\\/mdcthereporter.com\\\/staging\\\/8357\\\/wp-content\\\/uploads\\\/2025\\\/03\\\/Patria-y-Vida13.jpg\",\"datePublished\":\"2025-03-11T21:26:18+00:00\",\"dateModified\":\"2025-03-11T21:27:46+00:00\",\"description\":\"In 2021, a group of Cuban musicians released a song entitled Patria y Vida, revealing the harsh realities of life under the regime.\",\"breadcrumb\":{\"@id\":\"https:\\\/\\\/mdcthereporter.com\\\/staging\\\/8357\\\/patria-y-vida-the-song-that-sparked-a-cuban-revolution\\\/#breadcrumb\"},\"inLanguage\":\"en-US\",\"potentialAction\":[{\"@type\":\"ReadAction\",\"target\":[\"https:\\\/\\\/mdcthereporter.com\\\/staging\\\/8357\\\/patria-y-vida-the-song-that-sparked-a-cuban-revolution\\\/\"]}]},{\"@type\":\"ImageObject\",\"inLanguage\":\"en-US\",\"@id\":\"https:\\\/\\\/mdcthereporter.com\\\/staging\\\/8357\\\/patria-y-vida-the-song-that-sparked-a-cuban-revolution\\\/#primaryimage\",\"url\":\"https:\\\/\\\/mdcthereporter.com\\\/staging\\\/8357\\\/wp-content\\\/uploads\\\/2025\\\/03\\\/Patria-y-Vida13.jpg\",\"contentUrl\":\"https:\\\/\\\/mdcthereporter.com\\\/staging\\\/8357\\\/wp-content\\\/uploads\\\/2025\\\/03\\\/Patria-y-Vida13.jpg\",\"width\":1920,\"height\":1080,\"caption\":\"JESUS GARCIA\\\/ THE REPORTER\"},{\"@type\":\"BreadcrumbList\",\"@id\":\"https:\\\/\\\/mdcthereporter.com\\\/staging\\\/8357\\\/patria-y-vida-the-song-that-sparked-a-cuban-revolution\\\/#breadcrumb\",\"itemListElement\":[{\"@type\":\"ListItem\",\"position\":1,\"name\":\"Home\",\"item\":\"https:\\\/\\\/mdcthereporter.com\\\/staging\\\/8357\\\/\"},{\"@type\":\"ListItem\",\"position\":2,\"name\":\"Patria Y Vida: The Song That Sparked A Cuban Revolution\"}]},{\"@type\":\"WebSite\",\"@id\":\"https:\\\/\\\/mdcthereporter.com\\\/staging\\\/8357\\\/#website\",\"url\":\"https:\\\/\\\/mdcthereporter.com\\\/staging\\\/8357\\\/\",\"name\":\"The Reporter: The Student Newspaper at Miami Dade College\",\"description\":\"\",\"publisher\":{\"@id\":\"https:\\\/\\\/mdcthereporter.com\\\/staging\\\/8357\\\/#organization\"},\"potentialAction\":[{\"@type\":\"SearchAction\",\"target\":{\"@type\":\"EntryPoint\",\"urlTemplate\":\"https:\\\/\\\/mdcthereporter.com\\\/staging\\\/8357\\\/?s={search_term_string}\"},\"query-input\":{\"@type\":\"PropertyValueSpecification\",\"valueRequired\":true,\"valueName\":\"search_term_string\"}}],\"inLanguage\":\"en-US\"},{\"@type\":\"Organization\",\"@id\":\"https:\\\/\\\/mdcthereporter.com\\\/staging\\\/8357\\\/#organization\",\"name\":\"MDC The Reporter\",\"url\":\"https:\\\/\\\/mdcthereporter.com\\\/staging\\\/8357\\\/\",\"logo\":{\"@type\":\"ImageObject\",\"inLanguage\":\"en-US\",\"@id\":\"https:\\\/\\\/mdcthereporter.com\\\/staging\\\/8357\\\/#\\\/schema\\\/logo\\\/image\\\/\",\"url\":\"https:\\\/\\\/mdcthereporter.com\\\/\\\/wp-content\\\/uploads\\\/2016\\\/08\\\/R_reporter_logo.png\",\"contentUrl\":\"https:\\\/\\\/mdcthereporter.com\\\/\\\/wp-content\\\/uploads\\\/2016\\\/08\\\/R_reporter_logo.png\",\"width\":315,\"height\":309,\"caption\":\"MDC The Reporter\"},\"image\":{\"@id\":\"https:\\\/\\\/mdcthereporter.com\\\/staging\\\/8357\\\/#\\\/schema\\\/logo\\\/image\\\/\"}},{\"@type\":\"Person\",\"@id\":\"https:\\\/\\\/mdcthereporter.com\\\/staging\\\/8357\\\/#\\\/schema\\\/person\\\/e85bb1b36781aaa7a92de109f0edbc5f\",\"name\":\"Amanda Hernandez\",\"image\":{\"@type\":\"ImageObject\",\"inLanguage\":\"en-US\",\"@id\":\"https:\\\/\\\/mdcthereporter.com\\\/staging\\\/8357\\\/wp-content\\\/uploads\\\/2025\\\/04\\\/Amanda-Hernandez13-125x125.jpg\",\"url\":\"https:\\\/\\\/mdcthereporter.com\\\/staging\\\/8357\\\/wp-content\\\/uploads\\\/2025\\\/04\\\/Amanda-Hernandez13-125x125.jpg\",\"contentUrl\":\"https:\\\/\\\/mdcthereporter.com\\\/staging\\\/8357\\\/wp-content\\\/uploads\\\/2025\\\/04\\\/Amanda-Hernandez13-125x125.jpg\",\"caption\":\"Amanda Hernandez\"},\"description\":\"Amanda Hernandez, 21, is a psychology major at Kendall Campus. Hernandez, who graduated from Saul Delgado Preuniversidad in Cuba in 2021, will serve as a forum writer for The Reporter during the 2025-2026 school year. She aspires to work as a clinical psychologist.\",\"url\":\"https:\\\/\\\/mdcthereporter.com\\\/staging\\\/8357\\\/author\\\/amanda-hernandez\\\/\"}]}<\/script>\n<!-- \/ Yoast SEO plugin. -->","yoast_head_json":{"title":"Patria Y Vida: The Song That Sparked A Cuban Revolution","description":"In 2021, a group of Cuban musicians released a song entitled Patria y Vida, revealing the harsh realities of life under the regime.","robots":{"index":"index","follow":"follow","max-snippet":"max-snippet:-1","max-image-preview":"max-image-preview:large","max-video-preview":"max-video-preview:-1"},"canonical":"https:\/\/mdcthereporter.com\/staging\/8357\/patria-y-vida-the-song-that-sparked-a-cuban-revolution\/","og_locale":"en_US","og_type":"article","og_title":"Patria Y Vida: The Song That Sparked A Cuban Revolution","og_description":"In 2021, a group of Cuban musicians released a song entitled Patria y Vida, revealing the harsh realities of life under the regime.","og_url":"https:\/\/mdcthereporter.com\/staging\/8357\/patria-y-vida-the-song-that-sparked-a-cuban-revolution\/","og_site_name":"The Reporter: The Student Newspaper at Miami Dade College","article_published_time":"2025-03-11T21:26:18+00:00","article_modified_time":"2025-03-11T21:27:46+00:00","og_image":[{"width":1920,"height":1080,"url":"https:\/\/mdcthereporter.com\/staging\/8357\/wp-content\/uploads\/2025\/03\/Patria-y-Vida13.jpg","type":"image\/jpeg"}],"author":"Amanda Hernandez","twitter_card":"summary_large_image","twitter_misc":{"Written by":"Amanda Hernandez","Est. reading time":"3 minutes"},"schema":{"@context":"https:\/\/schema.org","@graph":[{"@type":"Article","@id":"https:\/\/mdcthereporter.com\/staging\/8357\/patria-y-vida-the-song-that-sparked-a-cuban-revolution\/#article","isPartOf":{"@id":"https:\/\/mdcthereporter.com\/staging\/8357\/patria-y-vida-the-song-that-sparked-a-cuban-revolution\/"},"author":{"name":"Amanda Hernandez","@id":"https:\/\/mdcthereporter.com\/staging\/8357\/#\/schema\/person\/e85bb1b36781aaa7a92de109f0edbc5f"},"headline":"Patria Y Vida: The Song That Sparked A Cuban Revolution","datePublished":"2025-03-11T21:26:18+00:00","dateModified":"2025-03-11T21:27:46+00:00","mainEntityOfPage":{"@id":"https:\/\/mdcthereporter.com\/staging\/8357\/patria-y-vida-the-song-that-sparked-a-cuban-revolution\/"},"wordCount":644,"publisher":{"@id":"https:\/\/mdcthereporter.com\/staging\/8357\/#organization"},"image":{"@id":"https:\/\/mdcthereporter.com\/staging\/8357\/patria-y-vida-the-song-that-sparked-a-cuban-revolution\/#primaryimage"},"thumbnailUrl":"https:\/\/mdcthereporter.com\/staging\/8357\/wp-content\/uploads\/2025\/03\/Patria-y-Vida13.jpg","articleSection":["Forum"],"inLanguage":"en-US"},{"@type":"WebPage","@id":"https:\/\/mdcthereporter.com\/staging\/8357\/patria-y-vida-the-song-that-sparked-a-cuban-revolution\/","url":"https:\/\/mdcthereporter.com\/staging\/8357\/patria-y-vida-the-song-that-sparked-a-cuban-revolution\/","name":"Patria Y Vida: The Song That Sparked A Cuban Revolution","isPartOf":{"@id":"https:\/\/mdcthereporter.com\/staging\/8357\/#website"},"primaryImageOfPage":{"@id":"https:\/\/mdcthereporter.com\/staging\/8357\/patria-y-vida-the-song-that-sparked-a-cuban-revolution\/#primaryimage"},"image":{"@id":"https:\/\/mdcthereporter.com\/staging\/8357\/patria-y-vida-the-song-that-sparked-a-cuban-revolution\/#primaryimage"},"thumbnailUrl":"https:\/\/mdcthereporter.com\/staging\/8357\/wp-content\/uploads\/2025\/03\/Patria-y-Vida13.jpg","datePublished":"2025-03-11T21:26:18+00:00","dateModified":"2025-03-11T21:27:46+00:00","description":"In 2021, a group of Cuban musicians released a song entitled Patria y Vida, revealing the harsh realities of life under the regime.","breadcrumb":{"@id":"https:\/\/mdcthereporter.com\/staging\/8357\/patria-y-vida-the-song-that-sparked-a-cuban-revolution\/#breadcrumb"},"inLanguage":"en-US","potentialAction":[{"@type":"ReadAction","target":["https:\/\/mdcthereporter.com\/staging\/8357\/patria-y-vida-the-song-that-sparked-a-cuban-revolution\/"]}]},{"@type":"ImageObject","inLanguage":"en-US","@id":"https:\/\/mdcthereporter.com\/staging\/8357\/patria-y-vida-the-song-that-sparked-a-cuban-revolution\/#primaryimage","url":"https:\/\/mdcthereporter.com\/staging\/8357\/wp-content\/uploads\/2025\/03\/Patria-y-Vida13.jpg","contentUrl":"https:\/\/mdcthereporter.com\/staging\/8357\/wp-content\/uploads\/2025\/03\/Patria-y-Vida13.jpg","width":1920,"height":1080,"caption":"JESUS GARCIA\/ THE REPORTER"},{"@type":"BreadcrumbList","@id":"https:\/\/mdcthereporter.com\/staging\/8357\/patria-y-vida-the-song-that-sparked-a-cuban-revolution\/#breadcrumb","itemListElement":[{"@type":"ListItem","position":1,"name":"Home","item":"https:\/\/mdcthereporter.com\/staging\/8357\/"},{"@type":"ListItem","position":2,"name":"Patria Y Vida: The Song That Sparked A Cuban Revolution"}]},{"@type":"WebSite","@id":"https:\/\/mdcthereporter.com\/staging\/8357\/#website","url":"https:\/\/mdcthereporter.com\/staging\/8357\/","name":"The Reporter: The Student Newspaper at Miami Dade College","description":"","publisher":{"@id":"https:\/\/mdcthereporter.com\/staging\/8357\/#organization"},"potentialAction":[{"@type":"SearchAction","target":{"@type":"EntryPoint","urlTemplate":"https:\/\/mdcthereporter.com\/staging\/8357\/?s={search_term_string}"},"query-input":{"@type":"PropertyValueSpecification","valueRequired":true,"valueName":"search_term_string"}}],"inLanguage":"en-US"},{"@type":"Organization","@id":"https:\/\/mdcthereporter.com\/staging\/8357\/#organization","name":"MDC The Reporter","url":"https:\/\/mdcthereporter.com\/staging\/8357\/","logo":{"@type":"ImageObject","inLanguage":"en-US","@id":"https:\/\/mdcthereporter.com\/staging\/8357\/#\/schema\/logo\/image\/","url":"https:\/\/mdcthereporter.com\/\/wp-content\/uploads\/2016\/08\/R_reporter_logo.png","contentUrl":"https:\/\/mdcthereporter.com\/\/wp-content\/uploads\/2016\/08\/R_reporter_logo.png","width":315,"height":309,"caption":"MDC The Reporter"},"image":{"@id":"https:\/\/mdcthereporter.com\/staging\/8357\/#\/schema\/logo\/image\/"}},{"@type":"Person","@id":"https:\/\/mdcthereporter.com\/staging\/8357\/#\/schema\/person\/e85bb1b36781aaa7a92de109f0edbc5f","name":"Amanda Hernandez","image":{"@type":"ImageObject","inLanguage":"en-US","@id":"https:\/\/mdcthereporter.com\/staging\/8357\/wp-content\/uploads\/2025\/04\/Amanda-Hernandez13-125x125.jpg","url":"https:\/\/mdcthereporter.com\/staging\/8357\/wp-content\/uploads\/2025\/04\/Amanda-Hernandez13-125x125.jpg","contentUrl":"https:\/\/mdcthereporter.com\/staging\/8357\/wp-content\/uploads\/2025\/04\/Amanda-Hernandez13-125x125.jpg","caption":"Amanda Hernandez"},"description":"Amanda Hernandez, 21, is a psychology major at Kendall Campus. Hernandez, who graduated from Saul Delgado Preuniversidad in Cuba in 2021, will serve as a forum writer for The Reporter during the 2025-2026 school year. She aspires to work as a clinical psychologist.","url":"https:\/\/mdcthereporter.com\/staging\/8357\/author\/amanda-hernandez\/"}]}},"cc_featured_image_caption":{"caption_text":"JESUS GARCIA\/ THE REPORTER","source_text":"","source_url":""},"_links":{"self":[{"href":"https:\/\/mdcthereporter.com\/staging\/8357\/wp-json\/wp\/v2\/posts\/39172","targetHints":{"allow":["GET"]}}],"collection":[{"href":"https:\/\/mdcthereporter.com\/staging\/8357\/wp-json\/wp\/v2\/posts"}],"about":[{"href":"https:\/\/mdcthereporter.com\/staging\/8357\/wp-json\/wp\/v2\/types\/post"}],"author":[{"embeddable":true,"href":"https:\/\/mdcthereporter.com\/staging\/8357\/wp-json\/wp\/v2\/users\/13482671"}],"replies":[{"embeddable":true,"href":"https:\/\/mdcthereporter.com\/staging\/8357\/wp-json\/wp\/v2\/comments?post=39172"}],"version-history":[{"count":2,"href":"https:\/\/mdcthereporter.com\/staging\/8357\/wp-json\/wp\/v2\/posts\/39172\/revisions"}],"predecessor-version":[{"id":39174,"href":"https:\/\/mdcthereporter.com\/staging\/8357\/wp-json\/wp\/v2\/posts\/39172\/revisions\/39174"}],"wp:featuredmedia":[{"embeddable":true,"href":"https:\/\/mdcthereporter.com\/staging\/8357\/wp-json\/wp\/v2\/media\/39159"}],"wp:attachment":[{"href":"https:\/\/mdcthereporter.com\/staging\/8357\/wp-json\/wp\/v2\/media?parent=39172"}],"wp:term":[{"taxonomy":"category","embeddable":true,"href":"https:\/\/mdcthereporter.com\/staging\/8357\/wp-json\/wp\/v2\/categories?post=39172"},{"taxonomy":"post_tag","embeddable":true,"href":"https:\/\/mdcthereporter.com\/staging\/8357\/wp-json\/wp\/v2\/tags?post=39172"}],"curies":[{"name":"wp","href":"https:\/\/api.w.org\/{rel}","templated":true}]}}