{"id":5851,"date":"2012-06-13T14:26:43","date_gmt":"2012-06-13T18:26:43","guid":{"rendered":"http:\/\/www.mdcthereporter.com\/?p=5851"},"modified":"2016-04-21T14:36:10","modified_gmt":"2016-04-21T18:36:10","slug":"the-summer-of-art-is-in-season-at-mdc","status":"publish","type":"post","link":"https:\/\/mdcthereporter.com\/staging\/8357\/the-summer-of-art-is-in-season-at-mdc\/","title":{"rendered":"The Summer Of Art Is In Season At MDC"},"content":{"rendered":"<p>Miami Dade College\u2019s Art Gallery System springs into its \u201cSummer of Art\u201d presenting three distinct exhibitions featuring private photo collections, paintings, and other mixed-media works by international artists.<\/p>\n<p><em>Embedded: A Photojournalist Captures Conflict and Resistance<\/em>, <em>Collections &amp; Curiosities<\/em> and<em>Emergence &amp; Structure<\/em> opened on May 24 at MDC\u2019s Freedom Tower for an audience of 375 according to Jeremy Mikolajczak, Executive Director of the Art Gallery. \u201cThe opening was successful and well attended by the local community, across Florida and the United States,\u201d Mikolajczak said. \u201cThe response has been fantastic and we have had a consistent flow of traffic in the gallery since we opened the exhibitions.\u201d<\/p>\n<p>Revealing rare images of war, struggle, and allegiance of a group of Cuban patriots during the Movimiento de Recuperacion Revolucionaria\u2014a movement that attempted to overthrow Fidel Castro\u2014<em>Embedded<\/em> consists of more than 800 still photographs collected throughout a nine-month period in the mid-1960s by Jim Nickless, a freelance cameraman for NBC News.<\/p>\n<p>\u201c[Documenting the conflict] was a pivotal experience,\u201d Nickless said. \u201c[It was] the most important work I did.\u201d<\/p>\n<p>A talk with the artist was held on June 2 where Nickless shared his experience documenting the conflict and why he chose to release the records at the Freedom Tower, a symbolic site for the Cuban community.<\/p>\n<p>\u201cI didn\u2019t realize it was so important to other people,\u201d Nickless said. \u201cThere were people with tears; it was very emotional.\u201d<\/p>\n<p>Among the attendees were Jose Vale and Santiago Alvarez, ex-soldiers of the movement who reunited to see the images of their time in battle.<\/p>\n<p><em>Collections &amp; Curiosities<\/em> is a compilation of two personal art collections gifted to the college from the estates of Jock Truman and Norma Niurka. Truman was the director of the Betty Parsons Gallery in New York City; Niurka was an acclaimed journalist, writer and theater critic for <em>The Miami Herald\/El Nuevo Herald<\/em>.<\/p>\n<p>The Truman collection contains a pool of interesting assortments, such as primitive ceramics, works by the great American artist Saul Steinberg, constructions by American artist Leo Rabkin and a selection of watercolors crafted by Truman.<\/p>\n<p>The Niurka collection is an intimate compilation of her treasured works from Latin American artists, including prominent local figures Arturo Rodr\u00edguez, Antonia Eir\u00edz, and Ram\u00f3n Carulla.<\/p>\n<p><em>Emergence &amp; Structure<\/em> explores enigmatic concepts in scientific theory. The pieces are primarily two-dimensional and vary from acrylic on fabric to graphite and tea on paper, oil on linen and acrylic and resin on plexiglass. It features over 40 works by 16 internationally-renowned artists, including Ed Kerns, Jim Toia and Mary Hambleton.<\/p>\n<p>All exhibitions are free and open to the public through August 11.<\/p>\n<p>The Freedom Tower at MDC is located at 600 Biscayne Blvd. Gallery hours are Tuesday through Saturday, from noon to 5 p.m.<\/p>\n<p>For more information, please contact MDC\u2019s Art Gallery System at 305-237-7700.<\/p>\n","protected":false},"excerpt":{"rendered":"<p>Miami Dade College\u2019s Art Gallery System springs into its \u201cSummer of Art\u201d presenting three distinct exhibitions featuring private photo collections, paintings, and other mixed-media works by international artists. Embedded: A Photojournalist Captures Conflict and Resistance, Collections &amp; Curiosities andEmergence &amp; Structure opened on May 24 at MDC\u2019s Freedom Tower for an audience of 375 according [&hellip;]<\/p>\n","protected":false},"author":269,"featured_media":5852,"comment_status":"closed","ping_status":"closed","sticky":false,"template":"","format":"standard","meta":{"nf_dc_page":"","tdm_status":"","tdm_grid_status":"","footnotes":""},"categories":[11],"tags":[],"class_list":{"0":"post-5851","1":"post","2":"type-post","3":"status-publish","4":"format-standard","5":"has-post-thumbnail","7":"category-ae"},"yoast_head":"<!-- This site is optimized with the Yoast SEO plugin v27.4 - https:\/\/yoast.com\/product\/yoast-seo-wordpress\/ -->\n<title>The Summer Of Art Is In Season At MDC - The Reporter: The Student Newspaper at Miami Dade College<\/title>\n<meta name=\"robots\" content=\"index, follow, max-snippet:-1, max-image-preview:large, max-video-preview:-1\" \/>\n<link rel=\"canonical\" href=\"https:\/\/mdcthereporter.com\/staging\/8357\/the-summer-of-art-is-in-season-at-mdc\/\" \/>\n<meta property=\"og:locale\" content=\"en_US\" \/>\n<meta property=\"og:type\" content=\"article\" \/>\n<meta property=\"og:title\" content=\"The Summer Of Art Is In Season At MDC - The Reporter: The Student Newspaper at Miami Dade College\" \/>\n<meta property=\"og:description\" content=\"Miami Dade College\u2019s Art Gallery System springs into its \u201cSummer of Art\u201d presenting three distinct exhibitions featuring private photo collections, paintings, and other mixed-media works by international artists. Embedded: A Photojournalist Captures Conflict and Resistance, Collections &amp; Curiosities andEmergence &amp; Structure opened on May 24 at MDC\u2019s Freedom Tower for an audience of 375 according [&hellip;]\" \/>\n<meta property=\"og:url\" content=\"https:\/\/mdcthereporter.com\/staging\/8357\/the-summer-of-art-is-in-season-at-mdc\/\" \/>\n<meta property=\"og:site_name\" content=\"The Reporter: The Student Newspaper at Miami Dade College\" \/>\n<meta property=\"article:published_time\" content=\"2012-06-13T18:26:43+00:00\" \/>\n<meta property=\"article:modified_time\" content=\"2016-04-21T18:36:10+00:00\" \/>\n<meta property=\"og:image\" content=\"https:\/\/mdcthereporter.com\/staging\/8357\/wp-content\/uploads\/2016\/04\/Art-Exhibition.jpg\" \/>\n\t<meta property=\"og:image:width\" content=\"640\" \/>\n\t<meta property=\"og:image:height\" content=\"480\" \/>\n\t<meta property=\"og:image:type\" content=\"image\/jpeg\" \/>\n<meta name=\"author\" content=\"Karina Castrillo\" \/>\n<meta name=\"twitter:card\" content=\"summary_large_image\" \/>\n<meta name=\"twitter:label1\" content=\"Written by\" \/>\n\t<meta name=\"twitter:data1\" content=\"Karina Castrillo\" \/>\n\t<meta name=\"twitter:label2\" content=\"Est. reading time\" \/>\n\t<meta name=\"twitter:data2\" content=\"2 minutes\" \/>\n<script type=\"application\/ld+json\" class=\"yoast-schema-graph\">{\"@context\":\"https:\\\/\\\/schema.org\",\"@graph\":[{\"@type\":\"Article\",\"@id\":\"https:\\\/\\\/mdcthereporter.com\\\/staging\\\/8357\\\/the-summer-of-art-is-in-season-at-mdc\\\/#article\",\"isPartOf\":{\"@id\":\"https:\\\/\\\/mdcthereporter.com\\\/staging\\\/8357\\\/the-summer-of-art-is-in-season-at-mdc\\\/\"},\"author\":{\"name\":\"Karina Castrillo\",\"@id\":\"https:\\\/\\\/mdcthereporter.com\\\/staging\\\/8357\\\/#\\\/schema\\\/person\\\/bea09375987a983e25b5dc1e46dd281a\"},\"headline\":\"The Summer Of Art Is In Season At MDC\",\"datePublished\":\"2012-06-13T18:26:43+00:00\",\"dateModified\":\"2016-04-21T18:36:10+00:00\",\"mainEntityOfPage\":{\"@id\":\"https:\\\/\\\/mdcthereporter.com\\\/staging\\\/8357\\\/the-summer-of-art-is-in-season-at-mdc\\\/\"},\"wordCount\":478,\"publisher\":{\"@id\":\"https:\\\/\\\/mdcthereporter.com\\\/staging\\\/8357\\\/#organization\"},\"image\":{\"@id\":\"https:\\\/\\\/mdcthereporter.com\\\/staging\\\/8357\\\/the-summer-of-art-is-in-season-at-mdc\\\/#primaryimage\"},\"thumbnailUrl\":\"https:\\\/\\\/mdcthereporter.com\\\/staging\\\/8357\\\/wp-content\\\/uploads\\\/2016\\\/04\\\/Art-Exhibition.jpg\",\"articleSection\":[\"A&amp;E\"],\"inLanguage\":\"en-US\"},{\"@type\":\"WebPage\",\"@id\":\"https:\\\/\\\/mdcthereporter.com\\\/staging\\\/8357\\\/the-summer-of-art-is-in-season-at-mdc\\\/\",\"url\":\"https:\\\/\\\/mdcthereporter.com\\\/staging\\\/8357\\\/the-summer-of-art-is-in-season-at-mdc\\\/\",\"name\":\"The Summer Of Art Is In Season At MDC - The Reporter: The Student Newspaper at Miami Dade College\",\"isPartOf\":{\"@id\":\"https:\\\/\\\/mdcthereporter.com\\\/staging\\\/8357\\\/#website\"},\"primaryImageOfPage\":{\"@id\":\"https:\\\/\\\/mdcthereporter.com\\\/staging\\\/8357\\\/the-summer-of-art-is-in-season-at-mdc\\\/#primaryimage\"},\"image\":{\"@id\":\"https:\\\/\\\/mdcthereporter.com\\\/staging\\\/8357\\\/the-summer-of-art-is-in-season-at-mdc\\\/#primaryimage\"},\"thumbnailUrl\":\"https:\\\/\\\/mdcthereporter.com\\\/staging\\\/8357\\\/wp-content\\\/uploads\\\/2016\\\/04\\\/Art-Exhibition.jpg\",\"datePublished\":\"2012-06-13T18:26:43+00:00\",\"dateModified\":\"2016-04-21T18:36:10+00:00\",\"breadcrumb\":{\"@id\":\"https:\\\/\\\/mdcthereporter.com\\\/staging\\\/8357\\\/the-summer-of-art-is-in-season-at-mdc\\\/#breadcrumb\"},\"inLanguage\":\"en-US\",\"potentialAction\":[{\"@type\":\"ReadAction\",\"target\":[\"https:\\\/\\\/mdcthereporter.com\\\/staging\\\/8357\\\/the-summer-of-art-is-in-season-at-mdc\\\/\"]}]},{\"@type\":\"ImageObject\",\"inLanguage\":\"en-US\",\"@id\":\"https:\\\/\\\/mdcthereporter.com\\\/staging\\\/8357\\\/the-summer-of-art-is-in-season-at-mdc\\\/#primaryimage\",\"url\":\"https:\\\/\\\/mdcthereporter.com\\\/staging\\\/8357\\\/wp-content\\\/uploads\\\/2016\\\/04\\\/Art-Exhibition.jpg\",\"contentUrl\":\"https:\\\/\\\/mdcthereporter.com\\\/staging\\\/8357\\\/wp-content\\\/uploads\\\/2016\\\/04\\\/Art-Exhibition.jpg\",\"width\":640,\"height\":480,\"caption\":\"Karina Castrillo \\\/ THE REPORTER From left: Santiago Alvarez and Jose Vale, former soldiers who participated in the Movimiento de Recuperacion Revolucionaria, reminisce over the experience at Embedded: A Photojournalist Captures Conflict and Resistance, Collections & Curiosities.\"},{\"@type\":\"BreadcrumbList\",\"@id\":\"https:\\\/\\\/mdcthereporter.com\\\/staging\\\/8357\\\/the-summer-of-art-is-in-season-at-mdc\\\/#breadcrumb\",\"itemListElement\":[{\"@type\":\"ListItem\",\"position\":1,\"name\":\"Home\",\"item\":\"https:\\\/\\\/mdcthereporter.com\\\/staging\\\/8357\\\/\"},{\"@type\":\"ListItem\",\"position\":2,\"name\":\"The Summer Of Art Is In Season At MDC\"}]},{\"@type\":\"WebSite\",\"@id\":\"https:\\\/\\\/mdcthereporter.com\\\/staging\\\/8357\\\/#website\",\"url\":\"https:\\\/\\\/mdcthereporter.com\\\/staging\\\/8357\\\/\",\"name\":\"The Reporter: The Student Newspaper at Miami Dade College\",\"description\":\"\",\"publisher\":{\"@id\":\"https:\\\/\\\/mdcthereporter.com\\\/staging\\\/8357\\\/#organization\"},\"potentialAction\":[{\"@type\":\"SearchAction\",\"target\":{\"@type\":\"EntryPoint\",\"urlTemplate\":\"https:\\\/\\\/mdcthereporter.com\\\/staging\\\/8357\\\/?s={search_term_string}\"},\"query-input\":{\"@type\":\"PropertyValueSpecification\",\"valueRequired\":true,\"valueName\":\"search_term_string\"}}],\"inLanguage\":\"en-US\"},{\"@type\":\"Organization\",\"@id\":\"https:\\\/\\\/mdcthereporter.com\\\/staging\\\/8357\\\/#organization\",\"name\":\"MDC The Reporter\",\"url\":\"https:\\\/\\\/mdcthereporter.com\\\/staging\\\/8357\\\/\",\"logo\":{\"@type\":\"ImageObject\",\"inLanguage\":\"en-US\",\"@id\":\"https:\\\/\\\/mdcthereporter.com\\\/staging\\\/8357\\\/#\\\/schema\\\/logo\\\/image\\\/\",\"url\":\"https:\\\/\\\/mdcthereporter.com\\\/\\\/wp-content\\\/uploads\\\/2016\\\/08\\\/R_reporter_logo.png\",\"contentUrl\":\"https:\\\/\\\/mdcthereporter.com\\\/\\\/wp-content\\\/uploads\\\/2016\\\/08\\\/R_reporter_logo.png\",\"width\":315,\"height\":309,\"caption\":\"MDC The Reporter\"},\"image\":{\"@id\":\"https:\\\/\\\/mdcthereporter.com\\\/staging\\\/8357\\\/#\\\/schema\\\/logo\\\/image\\\/\"}},{\"@type\":\"Person\",\"@id\":\"https:\\\/\\\/mdcthereporter.com\\\/staging\\\/8357\\\/#\\\/schema\\\/person\\\/bea09375987a983e25b5dc1e46dd281a\",\"name\":\"Karina Castrillo\",\"image\":{\"@type\":\"ImageObject\",\"inLanguage\":\"en-US\",\"@id\":\"https:\\\/\\\/mdcthereporter.com\\\/staging\\\/8357\\\/wp-content\\\/uploads\\\/2016\\\/09\\\/R_reporter_logo-1-1-125x125.png\",\"url\":\"https:\\\/\\\/mdcthereporter.com\\\/staging\\\/8357\\\/wp-content\\\/uploads\\\/2016\\\/09\\\/R_reporter_logo-1-1-125x125.png\",\"contentUrl\":\"https:\\\/\\\/mdcthereporter.com\\\/staging\\\/8357\\\/wp-content\\\/uploads\\\/2016\\\/09\\\/R_reporter_logo-1-1-125x125.png\",\"caption\":\"Karina Castrillo\"},\"url\":\"https:\\\/\\\/mdcthereporter.com\\\/staging\\\/8357\\\/author\\\/karina-castrillo\\\/\"}]}<\/script>\n<!-- \/ Yoast SEO plugin. -->","yoast_head_json":{"title":"The Summer Of Art Is In Season At MDC - The Reporter: The Student Newspaper at Miami Dade College","robots":{"index":"index","follow":"follow","max-snippet":"max-snippet:-1","max-image-preview":"max-image-preview:large","max-video-preview":"max-video-preview:-1"},"canonical":"https:\/\/mdcthereporter.com\/staging\/8357\/the-summer-of-art-is-in-season-at-mdc\/","og_locale":"en_US","og_type":"article","og_title":"The Summer Of Art Is In Season At MDC - The Reporter: The Student Newspaper at Miami Dade College","og_description":"Miami Dade College\u2019s Art Gallery System springs into its \u201cSummer of Art\u201d presenting three distinct exhibitions featuring private photo collections, paintings, and other mixed-media works by international artists. Embedded: A Photojournalist Captures Conflict and Resistance, Collections &amp; Curiosities andEmergence &amp; Structure opened on May 24 at MDC\u2019s Freedom Tower for an audience of 375 according [&hellip;]","og_url":"https:\/\/mdcthereporter.com\/staging\/8357\/the-summer-of-art-is-in-season-at-mdc\/","og_site_name":"The Reporter: The Student Newspaper at Miami Dade College","article_published_time":"2012-06-13T18:26:43+00:00","article_modified_time":"2016-04-21T18:36:10+00:00","og_image":[{"width":640,"height":480,"url":"https:\/\/mdcthereporter.com\/staging\/8357\/wp-content\/uploads\/2016\/04\/Art-Exhibition.jpg","type":"image\/jpeg"}],"author":"Karina Castrillo","twitter_card":"summary_large_image","twitter_misc":{"Written by":"Karina Castrillo","Est. reading time":"2 minutes"},"schema":{"@context":"https:\/\/schema.org","@graph":[{"@type":"Article","@id":"https:\/\/mdcthereporter.com\/staging\/8357\/the-summer-of-art-is-in-season-at-mdc\/#article","isPartOf":{"@id":"https:\/\/mdcthereporter.com\/staging\/8357\/the-summer-of-art-is-in-season-at-mdc\/"},"author":{"name":"Karina Castrillo","@id":"https:\/\/mdcthereporter.com\/staging\/8357\/#\/schema\/person\/bea09375987a983e25b5dc1e46dd281a"},"headline":"The Summer Of Art Is In Season At MDC","datePublished":"2012-06-13T18:26:43+00:00","dateModified":"2016-04-21T18:36:10+00:00","mainEntityOfPage":{"@id":"https:\/\/mdcthereporter.com\/staging\/8357\/the-summer-of-art-is-in-season-at-mdc\/"},"wordCount":478,"publisher":{"@id":"https:\/\/mdcthereporter.com\/staging\/8357\/#organization"},"image":{"@id":"https:\/\/mdcthereporter.com\/staging\/8357\/the-summer-of-art-is-in-season-at-mdc\/#primaryimage"},"thumbnailUrl":"https:\/\/mdcthereporter.com\/staging\/8357\/wp-content\/uploads\/2016\/04\/Art-Exhibition.jpg","articleSection":["A&amp;E"],"inLanguage":"en-US"},{"@type":"WebPage","@id":"https:\/\/mdcthereporter.com\/staging\/8357\/the-summer-of-art-is-in-season-at-mdc\/","url":"https:\/\/mdcthereporter.com\/staging\/8357\/the-summer-of-art-is-in-season-at-mdc\/","name":"The Summer Of Art Is In Season At MDC - The Reporter: The Student Newspaper at Miami Dade College","isPartOf":{"@id":"https:\/\/mdcthereporter.com\/staging\/8357\/#website"},"primaryImageOfPage":{"@id":"https:\/\/mdcthereporter.com\/staging\/8357\/the-summer-of-art-is-in-season-at-mdc\/#primaryimage"},"image":{"@id":"https:\/\/mdcthereporter.com\/staging\/8357\/the-summer-of-art-is-in-season-at-mdc\/#primaryimage"},"thumbnailUrl":"https:\/\/mdcthereporter.com\/staging\/8357\/wp-content\/uploads\/2016\/04\/Art-Exhibition.jpg","datePublished":"2012-06-13T18:26:43+00:00","dateModified":"2016-04-21T18:36:10+00:00","breadcrumb":{"@id":"https:\/\/mdcthereporter.com\/staging\/8357\/the-summer-of-art-is-in-season-at-mdc\/#breadcrumb"},"inLanguage":"en-US","potentialAction":[{"@type":"ReadAction","target":["https:\/\/mdcthereporter.com\/staging\/8357\/the-summer-of-art-is-in-season-at-mdc\/"]}]},{"@type":"ImageObject","inLanguage":"en-US","@id":"https:\/\/mdcthereporter.com\/staging\/8357\/the-summer-of-art-is-in-season-at-mdc\/#primaryimage","url":"https:\/\/mdcthereporter.com\/staging\/8357\/wp-content\/uploads\/2016\/04\/Art-Exhibition.jpg","contentUrl":"https:\/\/mdcthereporter.com\/staging\/8357\/wp-content\/uploads\/2016\/04\/Art-Exhibition.jpg","width":640,"height":480,"caption":"Karina Castrillo \/ THE REPORTER From left: Santiago Alvarez and Jose Vale, former soldiers who participated in the Movimiento de Recuperacion Revolucionaria, reminisce over the experience at Embedded: A Photojournalist Captures Conflict and Resistance, Collections & Curiosities."},{"@type":"BreadcrumbList","@id":"https:\/\/mdcthereporter.com\/staging\/8357\/the-summer-of-art-is-in-season-at-mdc\/#breadcrumb","itemListElement":[{"@type":"ListItem","position":1,"name":"Home","item":"https:\/\/mdcthereporter.com\/staging\/8357\/"},{"@type":"ListItem","position":2,"name":"The Summer Of Art Is In Season At MDC"}]},{"@type":"WebSite","@id":"https:\/\/mdcthereporter.com\/staging\/8357\/#website","url":"https:\/\/mdcthereporter.com\/staging\/8357\/","name":"The Reporter: The Student Newspaper at Miami Dade College","description":"","publisher":{"@id":"https:\/\/mdcthereporter.com\/staging\/8357\/#organization"},"potentialAction":[{"@type":"SearchAction","target":{"@type":"EntryPoint","urlTemplate":"https:\/\/mdcthereporter.com\/staging\/8357\/?s={search_term_string}"},"query-input":{"@type":"PropertyValueSpecification","valueRequired":true,"valueName":"search_term_string"}}],"inLanguage":"en-US"},{"@type":"Organization","@id":"https:\/\/mdcthereporter.com\/staging\/8357\/#organization","name":"MDC The Reporter","url":"https:\/\/mdcthereporter.com\/staging\/8357\/","logo":{"@type":"ImageObject","inLanguage":"en-US","@id":"https:\/\/mdcthereporter.com\/staging\/8357\/#\/schema\/logo\/image\/","url":"https:\/\/mdcthereporter.com\/\/wp-content\/uploads\/2016\/08\/R_reporter_logo.png","contentUrl":"https:\/\/mdcthereporter.com\/\/wp-content\/uploads\/2016\/08\/R_reporter_logo.png","width":315,"height":309,"caption":"MDC The Reporter"},"image":{"@id":"https:\/\/mdcthereporter.com\/staging\/8357\/#\/schema\/logo\/image\/"}},{"@type":"Person","@id":"https:\/\/mdcthereporter.com\/staging\/8357\/#\/schema\/person\/bea09375987a983e25b5dc1e46dd281a","name":"Karina Castrillo","image":{"@type":"ImageObject","inLanguage":"en-US","@id":"https:\/\/mdcthereporter.com\/staging\/8357\/wp-content\/uploads\/2016\/09\/R_reporter_logo-1-1-125x125.png","url":"https:\/\/mdcthereporter.com\/staging\/8357\/wp-content\/uploads\/2016\/09\/R_reporter_logo-1-1-125x125.png","contentUrl":"https:\/\/mdcthereporter.com\/staging\/8357\/wp-content\/uploads\/2016\/09\/R_reporter_logo-1-1-125x125.png","caption":"Karina Castrillo"},"url":"https:\/\/mdcthereporter.com\/staging\/8357\/author\/karina-castrillo\/"}]}},"cc_featured_image_caption":{"caption_text":false,"source_text":false,"source_url":false},"_links":{"self":[{"href":"https:\/\/mdcthereporter.com\/staging\/8357\/wp-json\/wp\/v2\/posts\/5851","targetHints":{"allow":["GET"]}}],"collection":[{"href":"https:\/\/mdcthereporter.com\/staging\/8357\/wp-json\/wp\/v2\/posts"}],"about":[{"href":"https:\/\/mdcthereporter.com\/staging\/8357\/wp-json\/wp\/v2\/types\/post"}],"author":[{"embeddable":true,"href":"https:\/\/mdcthereporter.com\/staging\/8357\/wp-json\/wp\/v2\/users\/269"}],"replies":[{"embeddable":true,"href":"https:\/\/mdcthereporter.com\/staging\/8357\/wp-json\/wp\/v2\/comments?post=5851"}],"version-history":[{"count":0,"href":"https:\/\/mdcthereporter.com\/staging\/8357\/wp-json\/wp\/v2\/posts\/5851\/revisions"}],"wp:featuredmedia":[{"embeddable":true,"href":"https:\/\/mdcthereporter.com\/staging\/8357\/wp-json\/wp\/v2\/media\/5852"}],"wp:attachment":[{"href":"https:\/\/mdcthereporter.com\/staging\/8357\/wp-json\/wp\/v2\/media?parent=5851"}],"wp:term":[{"taxonomy":"category","embeddable":true,"href":"https:\/\/mdcthereporter.com\/staging\/8357\/wp-json\/wp\/v2\/categories?post=5851"},{"taxonomy":"post_tag","embeddable":true,"href":"https:\/\/mdcthereporter.com\/staging\/8357\/wp-json\/wp\/v2\/tags?post=5851"}],"curies":[{"name":"wp","href":"https:\/\/api.w.org\/{rel}","templated":true}]}}