{"id":7894,"date":"2010-11-01T15:22:40","date_gmt":"2010-11-01T19:22:40","guid":{"rendered":"http:\/\/www.mdcthereporter.com\/?p=7894"},"modified":"2017-01-19T15:33:08","modified_gmt":"2017-01-19T20:33:08","slug":"obama-appoints-padron-to-lead-education-initiative","status":"publish","type":"post","link":"https:\/\/mdcthereporter.com\/staging\/8357\/obama-appoints-padron-to-lead-education-initiative\/","title":{"rendered":"Obama Appoints Padr\u00f3n To Lead Education Initiative"},"content":{"rendered":"<p>Miami Dade College President Eduardo Padr\u00f3n has another accomplishment to add to his r\u00e9sum\u00e9.<\/p>\n<p>On Oct. 19, President Barack Obama signed an executive order making Padr\u00f3n the chair of a new White House Initiative on Educational Excellence for Hispanic-Americans.<\/p>\n<p>The moment was seen live via web conference by students at all eight MDC campuses.<\/p>\n<p>\u201cI am very proud of and honored by this appointment,\u201d Padr\u00f3n said via e-mail. \u201cI have come a long way, but I have had great support all along the way from a supportive and loving family, students and colleagues. They have inspired and motivated me.\u201d<\/p>\n<p>Padr\u00f3n will guide a 30-member commission, charged with the responsibility of informing the Obama Administration on educational issues related to Hispanics. The commission will also address opportunities in the Hispanic community while increasing educational involvement of Hispanic youth.<\/p>\n<p>The Executive Order is aimed at strengthening the nation by continuing educational opportunities and improving educational outcomes for Hispanics and Latinos of all ages.<\/p>\n<p>Its goal is to help more Hispanics receive an education that prepares them for college, and productive careers.<\/p>\n<p>\u201cThis is an issue that truly takes an entire nation,\u201d Padr\u00f3n said. \u201cThere must be a profound change in the mindset of Americans that college education is truly the only passport to the mainstream economy and a prosperous life.\u201d<\/p>\n<p>Padr\u00f3n\u2019s focus is to unite Hispanic students and their non-Hispanic peers. He said that by rebuilding the K-12 system so that students focus on college from the start, every student will have quality learning opportunities.<\/p>\n<p>\u201cI feel this will improve graduation rates for all ethnic groups and help us move forward as a nation,\u201d said Adolfo Jimenez, an 18-year-old business major at North Campus. \u201cImmigrants who came from other countries are being represented, like me. I am very proud.\u201d<\/p>\n<p>During his speech, Obama said via teleconference that Padr\u00f3n has been a leader in his administration\u2019s efforts to strengthen America\u2019s community college and schools.<\/p>\n<p>\u201cIn addition to running a college, he\u2019s agreed to serve as the chair of this initiative\u2019s Presidential Advisory Commission. We are grateful to you,\u201d Obama said. \u201cThis will be a group of 30 Latino leaders who are going to make sure that, when it comes to our children\u2019s education, my ad- ministration hears the voices of the Latino community loud and clear.\u201d<\/p>\n<p><em>Mark Overton contributed to this story.<\/em><\/p>\n","protected":false},"excerpt":{"rendered":"<p>Miami Dade College President Eduardo Padr\u00f3n has another accomplishment to add to his r\u00e9sum\u00e9. On Oct. 19, President Barack Obama signed an executive order making Padr\u00f3n the chair of a new White House Initiative on Educational Excellence for Hispanic-Americans. The moment was seen live via web conference by students at all eight MDC campuses. \u201cI [&hellip;]<\/p>\n","protected":false},"author":315,"featured_media":7895,"comment_status":"closed","ping_status":"closed","sticky":false,"template":"","format":"standard","meta":{"nf_dc_page":"","tdm_status":"","tdm_grid_status":"","footnotes":""},"categories":[3],"tags":[38,314],"class_list":{"0":"post-7894","1":"post","2":"type-post","3":"status-publish","4":"format-standard","5":"has-post-thumbnail","7":"category-news","8":"tag-mdc","9":"tag-president-eduardo-padron"},"yoast_head":"<!-- This site is optimized with the Yoast SEO plugin v27.4 - https:\/\/yoast.com\/product\/yoast-seo-wordpress\/ -->\n<title>Obama Appoints Padr\u00f3n To Lead Education Initiative - The Reporter: The Student Newspaper at Miami Dade College<\/title>\n<meta name=\"robots\" content=\"index, follow, max-snippet:-1, max-image-preview:large, max-video-preview:-1\" \/>\n<link rel=\"canonical\" href=\"https:\/\/mdcthereporter.com\/staging\/8357\/obama-appoints-padron-to-lead-education-initiative\/\" \/>\n<meta property=\"og:locale\" content=\"en_US\" \/>\n<meta property=\"og:type\" content=\"article\" \/>\n<meta property=\"og:title\" content=\"Obama Appoints Padr\u00f3n To Lead Education Initiative - The Reporter: The Student Newspaper at Miami Dade College\" \/>\n<meta property=\"og:description\" content=\"Miami Dade College President Eduardo Padr\u00f3n has another accomplishment to add to his r\u00e9sum\u00e9. On Oct. 19, President Barack Obama signed an executive order making Padr\u00f3n the chair of a new White House Initiative on Educational Excellence for Hispanic-Americans. The moment was seen live via web conference by students at all eight MDC campuses. \u201cI [&hellip;]\" \/>\n<meta property=\"og:url\" content=\"https:\/\/mdcthereporter.com\/staging\/8357\/obama-appoints-padron-to-lead-education-initiative\/\" \/>\n<meta property=\"og:site_name\" content=\"The Reporter: The Student Newspaper at Miami Dade College\" \/>\n<meta property=\"article:published_time\" content=\"2010-11-01T19:22:40+00:00\" \/>\n<meta property=\"article:modified_time\" content=\"2017-01-19T20:33:08+00:00\" \/>\n<meta property=\"og:image\" content=\"https:\/\/mdcthereporter.com\/staging\/8357\/wp-content\/uploads\/2016\/05\/IMG_1009.jpeg\" \/>\n\t<meta property=\"og:image:width\" content=\"2000\" \/>\n\t<meta property=\"og:image:height\" content=\"1126\" \/>\n\t<meta property=\"og:image:type\" content=\"image\/jpeg\" \/>\n<meta name=\"author\" content=\"Monique Madan\" \/>\n<meta name=\"twitter:card\" content=\"summary_large_image\" \/>\n<meta name=\"twitter:label1\" content=\"Written by\" \/>\n\t<meta name=\"twitter:data1\" content=\"Monique Madan\" \/>\n\t<meta name=\"twitter:label2\" content=\"Est. reading time\" \/>\n\t<meta name=\"twitter:data2\" content=\"2 minutes\" \/>\n<script type=\"application\/ld+json\" class=\"yoast-schema-graph\">{\"@context\":\"https:\\\/\\\/schema.org\",\"@graph\":[{\"@type\":\"Article\",\"@id\":\"https:\\\/\\\/mdcthereporter.com\\\/staging\\\/8357\\\/obama-appoints-padron-to-lead-education-initiative\\\/#article\",\"isPartOf\":{\"@id\":\"https:\\\/\\\/mdcthereporter.com\\\/staging\\\/8357\\\/obama-appoints-padron-to-lead-education-initiative\\\/\"},\"author\":{\"name\":\"Monique Madan\",\"@id\":\"https:\\\/\\\/mdcthereporter.com\\\/staging\\\/8357\\\/#\\\/schema\\\/person\\\/bc858c5f92371608dec2613084dc91f1\"},\"headline\":\"Obama Appoints Padr\u00f3n To Lead Education Initiative\",\"datePublished\":\"2010-11-01T19:22:40+00:00\",\"dateModified\":\"2017-01-19T20:33:08+00:00\",\"mainEntityOfPage\":{\"@id\":\"https:\\\/\\\/mdcthereporter.com\\\/staging\\\/8357\\\/obama-appoints-padron-to-lead-education-initiative\\\/\"},\"wordCount\":409,\"publisher\":{\"@id\":\"https:\\\/\\\/mdcthereporter.com\\\/staging\\\/8357\\\/#organization\"},\"image\":{\"@id\":\"https:\\\/\\\/mdcthereporter.com\\\/staging\\\/8357\\\/obama-appoints-padron-to-lead-education-initiative\\\/#primaryimage\"},\"thumbnailUrl\":\"https:\\\/\\\/mdcthereporter.com\\\/staging\\\/8357\\\/wp-content\\\/uploads\\\/2016\\\/05\\\/IMG_1009.jpeg\",\"keywords\":[\"MDC\",\"President Eduardo Padron\"],\"articleSection\":[\"News\"],\"inLanguage\":\"en-US\"},{\"@type\":\"WebPage\",\"@id\":\"https:\\\/\\\/mdcthereporter.com\\\/staging\\\/8357\\\/obama-appoints-padron-to-lead-education-initiative\\\/\",\"url\":\"https:\\\/\\\/mdcthereporter.com\\\/staging\\\/8357\\\/obama-appoints-padron-to-lead-education-initiative\\\/\",\"name\":\"Obama Appoints Padr\u00f3n To Lead Education Initiative - The Reporter: The Student Newspaper at Miami Dade College\",\"isPartOf\":{\"@id\":\"https:\\\/\\\/mdcthereporter.com\\\/staging\\\/8357\\\/#website\"},\"primaryImageOfPage\":{\"@id\":\"https:\\\/\\\/mdcthereporter.com\\\/staging\\\/8357\\\/obama-appoints-padron-to-lead-education-initiative\\\/#primaryimage\"},\"image\":{\"@id\":\"https:\\\/\\\/mdcthereporter.com\\\/staging\\\/8357\\\/obama-appoints-padron-to-lead-education-initiative\\\/#primaryimage\"},\"thumbnailUrl\":\"https:\\\/\\\/mdcthereporter.com\\\/staging\\\/8357\\\/wp-content\\\/uploads\\\/2016\\\/05\\\/IMG_1009.jpeg\",\"datePublished\":\"2010-11-01T19:22:40+00:00\",\"dateModified\":\"2017-01-19T20:33:08+00:00\",\"breadcrumb\":{\"@id\":\"https:\\\/\\\/mdcthereporter.com\\\/staging\\\/8357\\\/obama-appoints-padron-to-lead-education-initiative\\\/#breadcrumb\"},\"inLanguage\":\"en-US\",\"potentialAction\":[{\"@type\":\"ReadAction\",\"target\":[\"https:\\\/\\\/mdcthereporter.com\\\/staging\\\/8357\\\/obama-appoints-padron-to-lead-education-initiative\\\/\"]}]},{\"@type\":\"ImageObject\",\"inLanguage\":\"en-US\",\"@id\":\"https:\\\/\\\/mdcthereporter.com\\\/staging\\\/8357\\\/obama-appoints-padron-to-lead-education-initiative\\\/#primaryimage\",\"url\":\"https:\\\/\\\/mdcthereporter.com\\\/staging\\\/8357\\\/wp-content\\\/uploads\\\/2016\\\/05\\\/IMG_1009.jpeg\",\"contentUrl\":\"https:\\\/\\\/mdcthereporter.com\\\/staging\\\/8357\\\/wp-content\\\/uploads\\\/2016\\\/05\\\/IMG_1009.jpeg\",\"width\":2000,\"height\":1126,\"caption\":\"GREGORY CASTILLO \\\/ THE REPORTER Man Of The Year: Miami Dade College President Eduardo J. Padron was tabbed by Barack Obama to lead a Hispanic education initiative.\"},{\"@type\":\"BreadcrumbList\",\"@id\":\"https:\\\/\\\/mdcthereporter.com\\\/staging\\\/8357\\\/obama-appoints-padron-to-lead-education-initiative\\\/#breadcrumb\",\"itemListElement\":[{\"@type\":\"ListItem\",\"position\":1,\"name\":\"Home\",\"item\":\"https:\\\/\\\/mdcthereporter.com\\\/staging\\\/8357\\\/\"},{\"@type\":\"ListItem\",\"position\":2,\"name\":\"Obama Appoints Padr\u00f3n To Lead Education Initiative\"}]},{\"@type\":\"WebSite\",\"@id\":\"https:\\\/\\\/mdcthereporter.com\\\/staging\\\/8357\\\/#website\",\"url\":\"https:\\\/\\\/mdcthereporter.com\\\/staging\\\/8357\\\/\",\"name\":\"The Reporter: The Student Newspaper at Miami Dade College\",\"description\":\"\",\"publisher\":{\"@id\":\"https:\\\/\\\/mdcthereporter.com\\\/staging\\\/8357\\\/#organization\"},\"potentialAction\":[{\"@type\":\"SearchAction\",\"target\":{\"@type\":\"EntryPoint\",\"urlTemplate\":\"https:\\\/\\\/mdcthereporter.com\\\/staging\\\/8357\\\/?s={search_term_string}\"},\"query-input\":{\"@type\":\"PropertyValueSpecification\",\"valueRequired\":true,\"valueName\":\"search_term_string\"}}],\"inLanguage\":\"en-US\"},{\"@type\":\"Organization\",\"@id\":\"https:\\\/\\\/mdcthereporter.com\\\/staging\\\/8357\\\/#organization\",\"name\":\"MDC The Reporter\",\"url\":\"https:\\\/\\\/mdcthereporter.com\\\/staging\\\/8357\\\/\",\"logo\":{\"@type\":\"ImageObject\",\"inLanguage\":\"en-US\",\"@id\":\"https:\\\/\\\/mdcthereporter.com\\\/staging\\\/8357\\\/#\\\/schema\\\/logo\\\/image\\\/\",\"url\":\"https:\\\/\\\/mdcthereporter.com\\\/\\\/wp-content\\\/uploads\\\/2016\\\/08\\\/R_reporter_logo.png\",\"contentUrl\":\"https:\\\/\\\/mdcthereporter.com\\\/\\\/wp-content\\\/uploads\\\/2016\\\/08\\\/R_reporter_logo.png\",\"width\":315,\"height\":309,\"caption\":\"MDC The Reporter\"},\"image\":{\"@id\":\"https:\\\/\\\/mdcthereporter.com\\\/staging\\\/8357\\\/#\\\/schema\\\/logo\\\/image\\\/\"}},{\"@type\":\"Person\",\"@id\":\"https:\\\/\\\/mdcthereporter.com\\\/staging\\\/8357\\\/#\\\/schema\\\/person\\\/bc858c5f92371608dec2613084dc91f1\",\"name\":\"Monique Madan\",\"image\":{\"@type\":\"ImageObject\",\"inLanguage\":\"en-US\",\"@id\":\"https:\\\/\\\/mdcthereporter.com\\\/staging\\\/8357\\\/wp-content\\\/uploads\\\/2016\\\/09\\\/R_reporter_logo-1-1-125x125.png\",\"url\":\"https:\\\/\\\/mdcthereporter.com\\\/staging\\\/8357\\\/wp-content\\\/uploads\\\/2016\\\/09\\\/R_reporter_logo-1-1-125x125.png\",\"contentUrl\":\"https:\\\/\\\/mdcthereporter.com\\\/staging\\\/8357\\\/wp-content\\\/uploads\\\/2016\\\/09\\\/R_reporter_logo-1-1-125x125.png\",\"caption\":\"Monique Madan\"},\"url\":\"https:\\\/\\\/mdcthereporter.com\\\/staging\\\/8357\\\/author\\\/monique-madan\\\/\"}]}<\/script>\n<!-- \/ Yoast SEO plugin. -->","yoast_head_json":{"title":"Obama Appoints Padr\u00f3n To Lead Education Initiative - The Reporter: The Student Newspaper at Miami Dade College","robots":{"index":"index","follow":"follow","max-snippet":"max-snippet:-1","max-image-preview":"max-image-preview:large","max-video-preview":"max-video-preview:-1"},"canonical":"https:\/\/mdcthereporter.com\/staging\/8357\/obama-appoints-padron-to-lead-education-initiative\/","og_locale":"en_US","og_type":"article","og_title":"Obama Appoints Padr\u00f3n To Lead Education Initiative - The Reporter: The Student Newspaper at Miami Dade College","og_description":"Miami Dade College President Eduardo Padr\u00f3n has another accomplishment to add to his r\u00e9sum\u00e9. On Oct. 19, President Barack Obama signed an executive order making Padr\u00f3n the chair of a new White House Initiative on Educational Excellence for Hispanic-Americans. The moment was seen live via web conference by students at all eight MDC campuses. \u201cI [&hellip;]","og_url":"https:\/\/mdcthereporter.com\/staging\/8357\/obama-appoints-padron-to-lead-education-initiative\/","og_site_name":"The Reporter: The Student Newspaper at Miami Dade College","article_published_time":"2010-11-01T19:22:40+00:00","article_modified_time":"2017-01-19T20:33:08+00:00","og_image":[{"width":2000,"height":1126,"url":"https:\/\/mdcthereporter.com\/staging\/8357\/wp-content\/uploads\/2016\/05\/IMG_1009.jpeg","type":"image\/jpeg"}],"author":"Monique Madan","twitter_card":"summary_large_image","twitter_misc":{"Written by":"Monique Madan","Est. reading time":"2 minutes"},"schema":{"@context":"https:\/\/schema.org","@graph":[{"@type":"Article","@id":"https:\/\/mdcthereporter.com\/staging\/8357\/obama-appoints-padron-to-lead-education-initiative\/#article","isPartOf":{"@id":"https:\/\/mdcthereporter.com\/staging\/8357\/obama-appoints-padron-to-lead-education-initiative\/"},"author":{"name":"Monique Madan","@id":"https:\/\/mdcthereporter.com\/staging\/8357\/#\/schema\/person\/bc858c5f92371608dec2613084dc91f1"},"headline":"Obama Appoints Padr\u00f3n To Lead Education Initiative","datePublished":"2010-11-01T19:22:40+00:00","dateModified":"2017-01-19T20:33:08+00:00","mainEntityOfPage":{"@id":"https:\/\/mdcthereporter.com\/staging\/8357\/obama-appoints-padron-to-lead-education-initiative\/"},"wordCount":409,"publisher":{"@id":"https:\/\/mdcthereporter.com\/staging\/8357\/#organization"},"image":{"@id":"https:\/\/mdcthereporter.com\/staging\/8357\/obama-appoints-padron-to-lead-education-initiative\/#primaryimage"},"thumbnailUrl":"https:\/\/mdcthereporter.com\/staging\/8357\/wp-content\/uploads\/2016\/05\/IMG_1009.jpeg","keywords":["MDC","President Eduardo Padron"],"articleSection":["News"],"inLanguage":"en-US"},{"@type":"WebPage","@id":"https:\/\/mdcthereporter.com\/staging\/8357\/obama-appoints-padron-to-lead-education-initiative\/","url":"https:\/\/mdcthereporter.com\/staging\/8357\/obama-appoints-padron-to-lead-education-initiative\/","name":"Obama Appoints Padr\u00f3n To Lead Education Initiative - The Reporter: The Student Newspaper at Miami Dade College","isPartOf":{"@id":"https:\/\/mdcthereporter.com\/staging\/8357\/#website"},"primaryImageOfPage":{"@id":"https:\/\/mdcthereporter.com\/staging\/8357\/obama-appoints-padron-to-lead-education-initiative\/#primaryimage"},"image":{"@id":"https:\/\/mdcthereporter.com\/staging\/8357\/obama-appoints-padron-to-lead-education-initiative\/#primaryimage"},"thumbnailUrl":"https:\/\/mdcthereporter.com\/staging\/8357\/wp-content\/uploads\/2016\/05\/IMG_1009.jpeg","datePublished":"2010-11-01T19:22:40+00:00","dateModified":"2017-01-19T20:33:08+00:00","breadcrumb":{"@id":"https:\/\/mdcthereporter.com\/staging\/8357\/obama-appoints-padron-to-lead-education-initiative\/#breadcrumb"},"inLanguage":"en-US","potentialAction":[{"@type":"ReadAction","target":["https:\/\/mdcthereporter.com\/staging\/8357\/obama-appoints-padron-to-lead-education-initiative\/"]}]},{"@type":"ImageObject","inLanguage":"en-US","@id":"https:\/\/mdcthereporter.com\/staging\/8357\/obama-appoints-padron-to-lead-education-initiative\/#primaryimage","url":"https:\/\/mdcthereporter.com\/staging\/8357\/wp-content\/uploads\/2016\/05\/IMG_1009.jpeg","contentUrl":"https:\/\/mdcthereporter.com\/staging\/8357\/wp-content\/uploads\/2016\/05\/IMG_1009.jpeg","width":2000,"height":1126,"caption":"GREGORY CASTILLO \/ THE REPORTER Man Of The Year: Miami Dade College President Eduardo J. Padron was tabbed by Barack Obama to lead a Hispanic education initiative."},{"@type":"BreadcrumbList","@id":"https:\/\/mdcthereporter.com\/staging\/8357\/obama-appoints-padron-to-lead-education-initiative\/#breadcrumb","itemListElement":[{"@type":"ListItem","position":1,"name":"Home","item":"https:\/\/mdcthereporter.com\/staging\/8357\/"},{"@type":"ListItem","position":2,"name":"Obama Appoints Padr\u00f3n To Lead Education Initiative"}]},{"@type":"WebSite","@id":"https:\/\/mdcthereporter.com\/staging\/8357\/#website","url":"https:\/\/mdcthereporter.com\/staging\/8357\/","name":"The Reporter: The Student Newspaper at Miami Dade College","description":"","publisher":{"@id":"https:\/\/mdcthereporter.com\/staging\/8357\/#organization"},"potentialAction":[{"@type":"SearchAction","target":{"@type":"EntryPoint","urlTemplate":"https:\/\/mdcthereporter.com\/staging\/8357\/?s={search_term_string}"},"query-input":{"@type":"PropertyValueSpecification","valueRequired":true,"valueName":"search_term_string"}}],"inLanguage":"en-US"},{"@type":"Organization","@id":"https:\/\/mdcthereporter.com\/staging\/8357\/#organization","name":"MDC The Reporter","url":"https:\/\/mdcthereporter.com\/staging\/8357\/","logo":{"@type":"ImageObject","inLanguage":"en-US","@id":"https:\/\/mdcthereporter.com\/staging\/8357\/#\/schema\/logo\/image\/","url":"https:\/\/mdcthereporter.com\/\/wp-content\/uploads\/2016\/08\/R_reporter_logo.png","contentUrl":"https:\/\/mdcthereporter.com\/\/wp-content\/uploads\/2016\/08\/R_reporter_logo.png","width":315,"height":309,"caption":"MDC The Reporter"},"image":{"@id":"https:\/\/mdcthereporter.com\/staging\/8357\/#\/schema\/logo\/image\/"}},{"@type":"Person","@id":"https:\/\/mdcthereporter.com\/staging\/8357\/#\/schema\/person\/bc858c5f92371608dec2613084dc91f1","name":"Monique Madan","image":{"@type":"ImageObject","inLanguage":"en-US","@id":"https:\/\/mdcthereporter.com\/staging\/8357\/wp-content\/uploads\/2016\/09\/R_reporter_logo-1-1-125x125.png","url":"https:\/\/mdcthereporter.com\/staging\/8357\/wp-content\/uploads\/2016\/09\/R_reporter_logo-1-1-125x125.png","contentUrl":"https:\/\/mdcthereporter.com\/staging\/8357\/wp-content\/uploads\/2016\/09\/R_reporter_logo-1-1-125x125.png","caption":"Monique Madan"},"url":"https:\/\/mdcthereporter.com\/staging\/8357\/author\/monique-madan\/"}]}},"cc_featured_image_caption":{"caption_text":false,"source_text":false,"source_url":false},"_links":{"self":[{"href":"https:\/\/mdcthereporter.com\/staging\/8357\/wp-json\/wp\/v2\/posts\/7894","targetHints":{"allow":["GET"]}}],"collection":[{"href":"https:\/\/mdcthereporter.com\/staging\/8357\/wp-json\/wp\/v2\/posts"}],"about":[{"href":"https:\/\/mdcthereporter.com\/staging\/8357\/wp-json\/wp\/v2\/types\/post"}],"author":[{"embeddable":true,"href":"https:\/\/mdcthereporter.com\/staging\/8357\/wp-json\/wp\/v2\/users\/315"}],"replies":[{"embeddable":true,"href":"https:\/\/mdcthereporter.com\/staging\/8357\/wp-json\/wp\/v2\/comments?post=7894"}],"version-history":[{"count":0,"href":"https:\/\/mdcthereporter.com\/staging\/8357\/wp-json\/wp\/v2\/posts\/7894\/revisions"}],"wp:featuredmedia":[{"embeddable":true,"href":"https:\/\/mdcthereporter.com\/staging\/8357\/wp-json\/wp\/v2\/media\/7895"}],"wp:attachment":[{"href":"https:\/\/mdcthereporter.com\/staging\/8357\/wp-json\/wp\/v2\/media?parent=7894"}],"wp:term":[{"taxonomy":"category","embeddable":true,"href":"https:\/\/mdcthereporter.com\/staging\/8357\/wp-json\/wp\/v2\/categories?post=7894"},{"taxonomy":"post_tag","embeddable":true,"href":"https:\/\/mdcthereporter.com\/staging\/8357\/wp-json\/wp\/v2\/tags?post=7894"}],"curies":[{"name":"wp","href":"https:\/\/api.w.org\/{rel}","templated":true}]}}